{"id":51503,"date":"2019-08-13T04:12:21","date_gmt":"2019-08-13T08:12:21","guid":{"rendered":"https:\/\/linitiative.ca\/International\/ce-celebre-magazine-francais-est-place-en-redressement-judiciaire\/"},"modified":"2019-08-13T04:12:21","modified_gmt":"2019-08-13T08:12:21","slug":"ce-celebre-magazine-francais-est-place-en-redressement-judiciaire","status":"publish","type":"post","link":"https:\/\/linitiative.ca\/International\/ce-celebre-magazine-francais-est-place-en-redressement-judiciaire\/","title":{"rendered":"Ce c\u00e9l\u00e8bre magazine fran\u00e7ais est plac\u00e9 en redressement judiciaire"},"content":{"rendered":"<p><strong>Un an seulement apr\u00e8s son rachat par le patron de presse Georges Ghosn, VSD, magazine embl\u00e9matique des ann\u00e9es 80, a \u00e9t\u00e9 plac\u00e9 en redressement judiciaire. Ghosn accuse l\u2019ancien propri\u00e9taire Prisma d\u2019\u00eatre \u00e0 l\u2019origine des d\u00e9boires du journal.<\/strong><\/p>\n<div class=\"c10\"\/>\n<p>Le magazine a \u00e9t\u00e9 plac\u00e9 en redressement judiciaire le 5 ao\u00fbt par le tribunal de commerce de Paris, selon une d\u00e9cision consult\u00e9e lundi par l\u2019AFP. Le num\u00e9ro d\u2019ao\u00fbt devrait para\u00eetre mardi avant un num\u00e9ro sp\u00e9cial consacr\u00e9 \u00e0 la chirurgie esth\u00e9tique, a indiqu\u00e9 <strong>Georges Ghosn<\/strong>. Il a \u00e9galement soulign\u00e9 avoir r\u00e9gl\u00e9 une dette \u00e0 l\u2019imprimeur sur ses fonds personnels pour permettre la parution de ce nouveau num\u00e9ro.<\/p>\n<p>L\u2019ancien patron de France-Soir est en conflit avec le groupe Prisma qui lui a c\u00e9d\u00e9 le magazine en juin 2018. La cession de VSD \u00e0 sa soci\u00e9t\u00e9 suisse Ghosn Capital avait \u00e9t\u00e9 boucl\u00e9e dans un climat tr\u00e8s tendu, les salari\u00e9s de l\u2019hebdomadaire qualifiant ce projet de cession de \u00ab\u00a0plan social d\u00e9guis\u00e9\u00a0\u00bb et son repreneur de \u00ab\u00a0fossoyeur\u00a0\u00bb.<\/p>\n<p>Georges Ghosn a re\u00e7u pr\u00e8s de deux millions d\u2019euros pour \u00e9ponger des dettes et financer le d\u00e9part de salari\u00e9s dans le cadre d\u2019une clause de cession. Mais il y a eu \u00ab\u00a0beaucoup d\u2019irr\u00e9gularit\u00e9s\u00a0\u00bb dans la cession, accuse Georges Ghosn qui menace Prisma d\u2019une action judiciaire. Contact\u00e9e lundi, la direction de Prisma n\u2019a pas souhait\u00e9 commenter ces informations.<\/p>\n<p>Le patron de <strong>VSD<\/strong> assure n\u2019\u00eatre pas responsable de ce qu\u2019il appelle un \u00ab\u00a0trou de tr\u00e9sorerie\u00a0\u00bb et se veut rassurant quant \u00e0 l\u2019avenir du titre, qui ne compte plus qu\u2019une quinzaine de salari\u00e9s: \u00ab\u00a0On a failli mourir en bonne sant\u00e9 et on a maintenant une chance r\u00e9elle de poursuivre notre chemin\u00a0\u00bb, a-t-il lanc\u00e9.<\/p>\n<p>Le magazine au logo arc-en-ciel a \u00e9t\u00e9 lanc\u00e9 en 1977 par l\u2019ancien directeur de l\u2019information d\u2019Europe 1, Maurice Siegel. VSD (initiales de Vendredi, Samedi, Dimanche) devait occuper une place en kiosques laiss\u00e9e libre en fin de semaine par les autres hebdomadaires.<\/p>\n<p>Avec ses unes choc, ses pages loisirs, ses photos sulfureuses de stars, d\u2019actualit\u00e9 ou d\u2019aventure, et quelques grandes signatures, le magazine a r\u00e9alis\u00e9 de belles ventes jusqu\u2019\u00e0 un premier redressement judiciaire en 1995.<\/p>\n<p>Le <strong>groupe<\/strong> <strong>Prisma<\/strong> (Femme Actuelle, Gala, Geo), le reprend alors et le tient \u00e0 bout de bras pendant des ann\u00e9es. En 2018, il le c\u00e8de pour un euro symbolique au v\u00e9t\u00e9ran de la presse Georges Ghosn, qui a \u00e9t\u00e9 propri\u00e9taire de plusieurs journaux \u00e9conomiques (La Tribune, l\u2019Agefi, le Nouvel Economiste\u2026) et s\u2019\u00e9tait notamment empar\u00e9 du d\u00e9funt journal France-Soir en 1999, avant de le revendre un an plus tard.<\/p>\n<p><strong>De mensuel \u00e0 hebdomadaire<\/strong><\/p>\n<p>Ghosn applique \u00e0 VSD le m\u00eame traitement qu\u2019au \u00ab\u00a0Nouvel \u00e9conomiste\u00a0\u00bb quelques ann\u00e9es plus t\u00f4t: la diffusion mensuelle devient hebdomadaire, avec une pagination et un prix augment\u00e9s. Il pr\u00f4ne dans VSD un retour au \u00ab\u00a0vrai journalisme\u00a0\u00bb avec de nouvelles rubriques, tout en gardant son \u00ab\u00a0ADN\u00a0\u00bb.<\/p>\n<p>Dans un secteur des magazines en pleine crise, les ventes de VSD avaient chut\u00e9 \u00e0 moins de 80.000 exemplaires fin 2018, selon l\u2019ACPM, et les annonceurs ont d\u00e9sert\u00e9 le titre. Elles sont depuis remont\u00e9es \u00e0 90.000 exemplaires, assure Georges Ghosn. Depuis, la quasi-totalit\u00e9 de l\u2019ancienne \u00e9quipe a fait valoir sa clause de cession pour quitter le titre.<\/p>\n<p>Six anciens de VSD devaient encore r\u00e9clamer \u00e0 l\u2019automne le chiffrement de leurs indemnit\u00e9s devant la Commission arbitrale des journalistes, a indiqu\u00e9 le syndicat SNJ-CGT de Prisma. Une dizaine d\u2019autres salari\u00e9s r\u00e9clament encore de prendre leur clause, refus\u00e9e par le nouveau PDG. Mais la proc\u00e9dure de <strong>redressement<\/strong> suspend le versement de l\u2019ensemble de ces sommes.<\/p>\n<p>\u00ab\u00a0Le titre \u00e9tait mort, cette situation \u00e9tait pr\u00e9visible\u00a0\u00bb, accuse une ancienne journaliste du magazine. \u00ab\u00a0On savait qui \u00e9tait Ghosn, et on lui a quand m\u00eame donn\u00e9 les clefs du journal\u00a0\u00bb.<\/p>\n<div class=\"c17\">\n<fieldset class=\"c16\">\n<legend><strong><span class=\"c11\">Challenge<\/span><span class=\"c12\">news<\/span><\/strong><\/legend>\n<div class=\"c15\">Le meilleur de la r\u00e9daction s\u00e9lectionn\u00e9 par Challenge :<\/p>\n<\/div>\n<\/fieldset>\n<\/div>\n<p>Auteur: challenge<br \/>\n<a href=\"https:\/\/www.challenge.ma\/ce-celebre-magazine-francais-est-place-en-redressement-judiciaire-115455\/\">Cliquez ici pour lire l&rsquo;article depuis sa source.<\/a><\/p>\n","protected":false},"excerpt":{"rendered":"<p>Un an seulement apr\u00e8s son rachat par le patron de presse Georges Ghosn, VSD, magazine embl\u00e9matique des ann\u00e9es 80, a \u00e9t\u00e9 plac\u00e9 en redressement judiciaire. Ghosn accuse l\u2019ancien propri\u00e9taire Prisma d\u2019\u00eatre \u00e0 l\u2019origine des d\u00e9boires du journal. Le magazine a \u00e9t\u00e9 plac\u00e9 en redressement judiciaire le 5 ao\u00fbt par le tribunal de commerce de Paris, [&hellip;]<\/p>\n","protected":false},"author":1787,"featured_media":0,"comment_status":"closed","ping_status":"closed","sticky":false,"template":"","format":"standard","meta":{"fifu_image_url":"","fifu_image_alt":"","footnotes":""},"categories":[78,54],"tags":[],"class_list":["post-51503","post","type-post","status-publish","format-standard","hentry","category-economie","category-maroc"],"_links":{"self":[{"href":"https:\/\/linitiative.ca\/International\/wp-json\/wp\/v2\/posts\/51503","targetHints":{"allow":["GET"]}}],"collection":[{"href":"https:\/\/linitiative.ca\/International\/wp-json\/wp\/v2\/posts"}],"about":[{"href":"https:\/\/linitiative.ca\/International\/wp-json\/wp\/v2\/types\/post"}],"author":[{"embeddable":true,"href":"https:\/\/linitiative.ca\/International\/wp-json\/wp\/v2\/users\/1787"}],"replies":[{"embeddable":true,"href":"https:\/\/linitiative.ca\/International\/wp-json\/wp\/v2\/comments?post=51503"}],"version-history":[{"count":0,"href":"https:\/\/linitiative.ca\/International\/wp-json\/wp\/v2\/posts\/51503\/revisions"}],"wp:attachment":[{"href":"https:\/\/linitiative.ca\/International\/wp-json\/wp\/v2\/media?parent=51503"}],"wp:term":[{"taxonomy":"category","embeddable":true,"href":"https:\/\/linitiative.ca\/International\/wp-json\/wp\/v2\/categories?post=51503"},{"taxonomy":"post_tag","embeddable":true,"href":"https:\/\/linitiative.ca\/International\/wp-json\/wp\/v2\/tags?post=51503"}],"curies":[{"name":"wp","href":"https:\/\/api.w.org\/{rel}","templated":true}]}}