{"id":51504,"date":"2019-08-13T06:36:36","date_gmt":"2019-08-13T10:36:36","guid":{"rendered":"https:\/\/linitiative.ca\/International\/9-octobre-2002-driss-jettou-nomme-premier-ministre\/"},"modified":"2019-08-13T06:36:36","modified_gmt":"2019-08-13T10:36:36","slug":"9-octobre-2002-driss-jettou-nomme-premier-ministre","status":"publish","type":"post","link":"https:\/\/linitiative.ca\/International\/9-octobre-2002-driss-jettou-nomme-premier-ministre\/","title":{"rendered":"9 octobre 2002 : Driss Jettou, nomm\u00e9 Premier ministre"},"content":{"rendered":"<p>Le Souverain, re\u00e7oit au Palais Royal de Marrakech, <strong>Driss Jettou<\/strong> qu\u2019il nomme Premier ministre. Le Roi le charge de proc\u00e9der \u00e0 de larges consultations avec les diff\u00e9rentes formations politiques en vue de constituer, au vu des r\u00e9sultats des \u00e9lections l\u00e9gislatives du 27 septembre 2002, une majorit\u00e9 gouvernementale r\u00e9unie autour d\u2019un programme d\u2019action qui devra r\u00e9pondre aux r\u00e9elles attentes du peuple marocain telles qu\u2019exprim\u00e9es dans le contexte du scrutin du 27 septembre 2002.<\/p>\n<div class=\"c10\"\/>\n<p>Auparavant, le Souverain avait re\u00e7u <strong>Abderrahman El Youssoufi<\/strong> auquel il a rendu un vibrant hommage pour l\u2019\u0153uvre accomplie en qualit\u00e9 de Premier ministre et pour le r\u00f4le important qu\u2019il a jou\u00e9 dans la r\u00e9ussite de l\u2019exp\u00e9rience de l\u2019alternance voulue par Feu le Roi Hassan II.\u00a0<\/p>\n<p><strong>Un Hors-s\u00e9rie exceptionnel du magazine Challenge \u00ab\u00a0Les 20 ans qui ont fond\u00e9 le Maroc de demain\u00a0\u00bb est en vente en kiosque.<\/strong><\/p>\n<p><img decoding=\"async\" src=\"https:\/\/www.challenge.ma\/wp-content\/uploads\/2019\/07\/Challenge-707-hors-serie-750x989-1.jpg\" alt=\"\" class=\"wp-image-114195\" srcset=\"https:\/\/www.challenge.ma\/wp-content\/uploads\/2019\/07\/Challenge-707-hors-serie-750x989-1.jpg 750w, https:\/\/www.challenge.ma\/wp-content\/uploads\/2019\/07\/Challenge-707-hors-serie-750x989-1-228x300.jpg 228w, https:\/\/www.challenge.ma\/wp-content\/uploads\/2019\/07\/Challenge-707-hors-serie-750x989-1-360x475.jpg 360w\" sizes=\"(max-width: 750px) 100vw, 750px\"\/><\/p>\n<div class=\"c17\">\n<fieldset class=\"c16\">\n<legend><strong><span class=\"c11\">Challenge<\/span><span class=\"c12\">news<\/span><\/strong><\/legend>\n<div class=\"c15\">Le meilleur de la r\u00e9daction s\u00e9lectionn\u00e9 par Challenge :<\/p>\n<\/div>\n<\/fieldset>\n<\/div>\n<p>Auteur: challenge<br \/>\n<a href=\"https:\/\/www.challenge.ma\/9-octobre-2002-driss-jettou-nomme-premier-ministre-114558\/\">Cliquez ici pour lire l&rsquo;article depuis sa source.<\/a><\/p>\n","protected":false},"excerpt":{"rendered":"<p>Le Souverain, re\u00e7oit au Palais Royal de Marrakech, Driss Jettou qu\u2019il nomme Premier ministre. Le Roi le charge de proc\u00e9der \u00e0 de larges consultations avec les diff\u00e9rentes formations politiques en vue de constituer, au vu des r\u00e9sultats des \u00e9lections l\u00e9gislatives du 27 septembre 2002, une majorit\u00e9 gouvernementale r\u00e9unie autour d\u2019un programme d\u2019action qui devra r\u00e9pondre [&hellip;]<\/p>\n","protected":false},"author":1787,"featured_media":51505,"comment_status":"closed","ping_status":"closed","sticky":false,"template":"","format":"standard","meta":{"fifu_image_url":"","fifu_image_alt":"","footnotes":""},"categories":[78,54],"tags":[],"class_list":["post-51504","post","type-post","status-publish","format-standard","has-post-thumbnail","hentry","category-economie","category-maroc"],"_links":{"self":[{"href":"https:\/\/linitiative.ca\/International\/wp-json\/wp\/v2\/posts\/51504","targetHints":{"allow":["GET"]}}],"collection":[{"href":"https:\/\/linitiative.ca\/International\/wp-json\/wp\/v2\/posts"}],"about":[{"href":"https:\/\/linitiative.ca\/International\/wp-json\/wp\/v2\/types\/post"}],"author":[{"embeddable":true,"href":"https:\/\/linitiative.ca\/International\/wp-json\/wp\/v2\/users\/1787"}],"replies":[{"embeddable":true,"href":"https:\/\/linitiative.ca\/International\/wp-json\/wp\/v2\/comments?post=51504"}],"version-history":[{"count":0,"href":"https:\/\/linitiative.ca\/International\/wp-json\/wp\/v2\/posts\/51504\/revisions"}],"wp:featuredmedia":[{"embeddable":true,"href":"https:\/\/linitiative.ca\/International\/wp-json\/"}],"wp:attachment":[{"href":"https:\/\/linitiative.ca\/International\/wp-json\/wp\/v2\/media?parent=51504"}],"wp:term":[{"taxonomy":"category","embeddable":true,"href":"https:\/\/linitiative.ca\/International\/wp-json\/wp\/v2\/categories?post=51504"},{"taxonomy":"post_tag","embeddable":true,"href":"https:\/\/linitiative.ca\/International\/wp-json\/wp\/v2\/tags?post=51504"}],"curies":[{"name":"wp","href":"https:\/\/api.w.org\/{rel}","templated":true}]}}