{"id":51572,"date":"2019-08-14T08:10:57","date_gmt":"2019-08-14T12:10:57","guid":{"rendered":"https:\/\/linitiative.ca\/International\/raoudha-gafrej-le-modele-de-gestion-actuel-des-ressources-en-eau-a-atteint-ses-limites\/"},"modified":"2019-08-14T08:10:57","modified_gmt":"2019-08-14T12:10:57","slug":"raoudha-gafrej-le-modele-de-gestion-actuel-des-ressources-en-eau-a-atteint-ses-limites","status":"publish","type":"post","link":"https:\/\/linitiative.ca\/International\/raoudha-gafrej-le-modele-de-gestion-actuel-des-ressources-en-eau-a-atteint-ses-limites\/","title":{"rendered":"Raoudha Gafrej : \u00bbLe mod\u00e8le de gestion actuel des ressources en eau a atteint ses limites \u00bb"},"content":{"rendered":"<p>\u00ab Le mod\u00e8le de gestion actuel des ressources en eau a atteint ses limites. Les mesures prises \u00e0 chaque fois pour r\u00e9parer les pannes et rem\u00e9dier aux coupures ne suffisent plus pour pr\u00e9server le service public et garantir un droit constitutionnel, \u00e0 savoir l\u2019acc\u00e8s \u00e0 l\u2019eau \u00bb a indiqu\u00e9, mardi, \u00e0 l\u2019agence TAP, l\u2019universitaire et experte en gestion des ressources en eau, Raoudha Gafrej.<\/p>\n<p>\u00abLa gestion de l\u2019eau comme ressource vitale devra relever de la s\u00e9curit\u00e9 de l\u2019Etat et ne doit plus \u00eatre confi\u00e9e au minist\u00e8re de l\u2019Agriculture\u00bb, a-t-elle ajout\u00e9, soulignant la n\u00e9cessit\u00e9 de \u00ab d\u00e9clarer l\u2019\u00e9tat d\u2019urgence et mettre en place un plan de gestion de crise \u00bb.<\/p>\n<p>\u00abLes solutions existent, mais plus elles sont retard\u00e9es et plus on a recours aux solutions de facilit\u00e9 et de rapidit\u00e9, plus la situation s\u2019aggrave \u00bb, s\u2019alarme-t-elle.<\/p>\n<p>\u00ab R\u00e9parer et r\u00e9habiliter en urgence une partie du r\u00e9seau de la SONEDE aurait au moins \u00e9pargn\u00e9 une partie de la population\u00bb, pense-t-elle mais, \u00ab\u00a0strat\u00e9giquement parlant, il va falloir mettre en place une v\u00e9ritable politique de gestion de l\u2019eau bas\u00e9e sur la valorisation des ressources, la rationalisation des usages agricoles de l\u2019eau, la r\u00e9vision rapide de la tarification de l\u2019eau potable et de l\u2019eau d\u2019irrigation, la r\u00e9habilitation du r\u00e9seau de la SONEDE et des r\u00e9seaux d\u2019eau g\u00e9r\u00e9s par les GDA (groupements de d\u00e9veloppement agricole )\u2026\u00bb<\/p>\n<p>Elle a pr\u00e9cis\u00e9, dans ce contexte, que la SONEDE n\u2019est pas subventionn\u00e9e et face au refus du gouvernement d\u2019augmenter le tarif de l\u2019eau, cette denr\u00e9e est vendue \u00e0 un tarif plus faible que son co\u00fbt de revient.<\/p>\n<p>Les revenus de la SONEDE ne lui permettent donc pas d\u2019entretenir ni de renouveler les r\u00e9seaux et \u00ab s\u00e9curiser l\u2019alimentation en eau potable par la SONEDE est une utopie si la gouvernance ne change pas \u00bb, a-t-elle dit.<\/p>\n<p>\u00a0IG-RIM (TAP)<\/p>\n<p class=\"dpsp-share-text\">Partager c&rsquo;est aimer!<\/p>\n<div class=\"wp-post-author-wrap wp-post-author-shortcode left\">\n<h3 class=\"awpa-title\"\/>\n<div class=\"wp-post-author\">\n<div class=\"awpa-img awpa-author-block square\"><a href=\"http:\/\/lexpertjournal.net\/fr\/author\/expert\/\"><img loading=\"lazy\" decoding=\"async\" alt=\"\" src=\"http:\/\/2.gravatar.com\/avatar\/56d99be2a6f97af88ccb49fada637fcd?s=150&#038;d=mm&#038;r=g\" srcset=\"http:\/\/2.gravatar.com\/avatar\/56d99be2a6f97af88ccb49fada637fcd?s=300&#038;d=mm&#038;r=g 2x\" class=\"avatar avatar-150 photo\" height=\"150\" width=\"150\"\/><\/a><\/div>\n<\/div>\n<\/div>\n<p>Auteur: L&rsquo;expert<br \/>\n<a href=\"http:\/\/lexpertjournal.net\/fr\/2019\/08\/14\/raoudha-gafrej-le-modele-de-gestion-actuel-des-ressources-en-eau-a-atteint-ses-limites\/\">Cliquez ici pour lire l&rsquo;article depuis sa source.<\/a><\/p>\n","protected":false},"excerpt":{"rendered":"<p>\u00ab Le mod\u00e8le de gestion actuel des ressources en eau a atteint ses limites. Les mesures prises \u00e0 chaque fois pour r\u00e9parer les pannes et rem\u00e9dier aux coupures ne suffisent plus pour pr\u00e9server le service public et garantir un droit constitutionnel, \u00e0 savoir l\u2019acc\u00e8s \u00e0 l\u2019eau \u00bb a indiqu\u00e9, mardi, \u00e0 l\u2019agence TAP, l\u2019universitaire et [&hellip;]<\/p>\n","protected":false},"author":1775,"featured_media":0,"comment_status":"closed","ping_status":"closed","sticky":false,"template":"","format":"standard","meta":{"fifu_image_url":"","fifu_image_alt":"","footnotes":""},"categories":[78,55],"tags":[],"class_list":["post-51572","post","type-post","status-publish","format-standard","hentry","category-economie","category-tunisie"],"_links":{"self":[{"href":"https:\/\/linitiative.ca\/International\/wp-json\/wp\/v2\/posts\/51572","targetHints":{"allow":["GET"]}}],"collection":[{"href":"https:\/\/linitiative.ca\/International\/wp-json\/wp\/v2\/posts"}],"about":[{"href":"https:\/\/linitiative.ca\/International\/wp-json\/wp\/v2\/types\/post"}],"author":[{"embeddable":true,"href":"https:\/\/linitiative.ca\/International\/wp-json\/wp\/v2\/users\/1775"}],"replies":[{"embeddable":true,"href":"https:\/\/linitiative.ca\/International\/wp-json\/wp\/v2\/comments?post=51572"}],"version-history":[{"count":0,"href":"https:\/\/linitiative.ca\/International\/wp-json\/wp\/v2\/posts\/51572\/revisions"}],"wp:attachment":[{"href":"https:\/\/linitiative.ca\/International\/wp-json\/wp\/v2\/media?parent=51572"}],"wp:term":[{"taxonomy":"category","embeddable":true,"href":"https:\/\/linitiative.ca\/International\/wp-json\/wp\/v2\/categories?post=51572"},{"taxonomy":"post_tag","embeddable":true,"href":"https:\/\/linitiative.ca\/International\/wp-json\/wp\/v2\/tags?post=51572"}],"curies":[{"name":"wp","href":"https:\/\/api.w.org\/{rel}","templated":true}]}}