{"id":51577,"date":"2019-08-14T06:00:00","date_gmt":"2019-08-14T10:00:00","guid":{"rendered":"https:\/\/linitiative.ca\/International\/signature-imminente-de-bensebaini\/"},"modified":"2019-08-14T06:00:00","modified_gmt":"2019-08-14T10:00:00","slug":"signature-imminente-de-bensebaini","status":"publish","type":"post","link":"https:\/\/linitiative.ca\/International\/signature-imminente-de-bensebaini\/","title":{"rendered":"Signature imminente de Benseba\u00efni"},"content":{"rendered":"<div id=\"originalText\" readability=\"56\">\n<p>Le d\u00e9fenseur international alg\u00e9rien du Stade\u00a0 rennais (Ligue 1 fran\u00e7aise de football), Ramy Benseba\u00efni, est attendu \u201cdans\u00a0 les prochaines heures\u201d en Allemagne pour passer sa visite m\u00e9dicale en vue\u00a0 de son engagement avec le Borussia Monchengladbach, a annonc\u00e9 hier le site\u00a0 sp\u00e9cialis\u00e9 Goal. La m\u00eame source pr\u00e9cise que le joueur polyvalent de l&rsquo;\u00e9quipe nationale ne\u00a0 s&rsquo;est pas pr\u00e9sent\u00e9 \u00e0 l&rsquo;entra\u00eenement hier matin avec la formation rennaise.\u00a0<\/p>\n<p>Selon les m\u00e9dias fran\u00e7ais, le club allemand, 5e au classement final de\u00a0 Bundesliga la saison derni\u00e8re, a propos\u00e9 10 millions d\u2019euros au Stade Rennais pour s\u2019attacher les services de Ramy Benseba\u00efni, dont le contrat avec le club breton court encore jusqu&rsquo;en 2020.\u00a0<br \/>Le pr\u00e9sident de Rennes, Olivier L\u00e9tang a confirm\u00e9, jeudi dernier sur RMC\u00a0 Sport, un possible d\u00e9part de Benseba\u00efni, apr\u00e8s une saison plus que positive avec son club, conclue par une Coupe de France remport\u00e9e aux d\u00e9pens du Paris SG.\u00a0<br \/>\u201cIl y a des offres pour Ramy Benseba\u00efni en provenance d\u2019un club allemand.\u00a0 Nous ne sommes pas loin d\u2019un accord. Apr\u00e8s ce sera sa d\u00e9cision\u201d, a-t-il\u00a0 indiqu\u00e9.\u00a0\u00a0<br \/>Benseba\u00efni (24 ans), pur produit de l\u2019Acad\u00e9mie Jean-Marc Guillou du Paradou AC, avait rejoint le club breton en 2016 apr\u00e8s avoir jou\u00e9 \u00e0 titre de pr\u00eat d\u2019abord \u00e0 Lierse SK (Belgique) puis \u00e0 Montpellier (France). Il\u00a0 figurait dans l\u2019\u00e9quipe-type de l&rsquo;Alg\u00e9rie, championne d\u2019Afrique \u00e0 la derni\u00e8re CAN-2019.<\/p>\n<\/div>\n<div id=\"text_core\" readability=\"56\">\n<p>Le d\u00e9fenseur international alg\u00e9rien du Stade\u00a0 rennais (Ligue 1 fran\u00e7aise de football), Ramy Benseba\u00efni, est attendu \u201cdans\u00a0 les prochaines heures\u201d en Allemagne pour passer sa visite m\u00e9dicale en vue\u00a0 de son engagement avec le Borussia Monchengladbach, a annonc\u00e9 hier le site\u00a0 sp\u00e9cialis\u00e9 Goal. La m\u00eame source pr\u00e9cise que le joueur polyvalent de l&rsquo;\u00e9quipe nationale ne\u00a0 s&rsquo;est pas pr\u00e9sent\u00e9 \u00e0 l&rsquo;entra\u00eenement hier matin avec la formation rennaise.\u00a0<\/p>\n<p>Selon les m\u00e9dias fran\u00e7ais, le club allemand, 5e au classement final de\u00a0 Bundesliga la saison derni\u00e8re, a propos\u00e9 10 millions d\u2019euros au Stade Rennais pour s\u2019attacher les services de Ramy Benseba\u00efni, dont le contrat avec le club breton court encore jusqu&rsquo;en 2020.\u00a0<br \/>Le pr\u00e9sident de Rennes, Olivier L\u00e9tang a confirm\u00e9, jeudi dernier sur RMC\u00a0 Sport, un possible d\u00e9part de Benseba\u00efni, apr\u00e8s une saison plus que positive avec son club, conclue par une Coupe de France remport\u00e9e aux d\u00e9pens du Paris SG.\u00a0<br \/>\u201cIl y a des offres pour Ramy Benseba\u00efni en provenance d\u2019un club allemand.\u00a0 Nous ne sommes pas loin d\u2019un accord. Apr\u00e8s ce sera sa d\u00e9cision\u201d, a-t-il\u00a0 indiqu\u00e9.\u00a0\u00a0<br \/>Benseba\u00efni (24 ans), pur produit de l\u2019Acad\u00e9mie Jean-Marc Guillou du Paradou AC, avait rejoint le club breton en 2016 apr\u00e8s avoir jou\u00e9 \u00e0 titre de pr\u00eat d\u2019abord \u00e0 Lierse SK (Belgique) puis \u00e0 Montpellier (France). Il\u00a0 figurait dans l\u2019\u00e9quipe-type de l&rsquo;Alg\u00e9rie, championne d\u2019Afrique \u00e0 la derni\u00e8re CAN-2019.<\/p>\n<\/div>\n<p>Auteur:<br \/>\n<a href=\"https:\/\/www.liberte-algerie.com\/sports\/signature-imminente-de-bensebaini-321794\">Cliquez ici pour lire l&rsquo;article depuis sa source.<\/a><\/p>\n","protected":false},"excerpt":{"rendered":"<p>Le d\u00e9fenseur international alg\u00e9rien du Stade\u00a0 rennais (Ligue 1 fran\u00e7aise de football), Ramy Benseba\u00efni, est attendu \u201cdans\u00a0 les prochaines heures\u201d en Allemagne pour passer sa visite m\u00e9dicale en vue\u00a0 de son engagement avec le Borussia Monchengladbach, a annonc\u00e9 hier le site\u00a0 sp\u00e9cialis\u00e9 Goal. La m\u00eame source pr\u00e9cise que le joueur polyvalent de l&rsquo;\u00e9quipe nationale ne\u00a0 [&hellip;]<\/p>\n","protected":false},"author":1742,"featured_media":0,"comment_status":"closed","ping_status":"closed","sticky":false,"template":"","format":"standard","meta":{"fifu_image_url":"","fifu_image_alt":"","footnotes":""},"categories":[73,53],"tags":[],"class_list":["post-51577","post","type-post","status-publish","format-standard","hentry","category-actualite","category-algerie"],"_links":{"self":[{"href":"https:\/\/linitiative.ca\/International\/wp-json\/wp\/v2\/posts\/51577","targetHints":{"allow":["GET"]}}],"collection":[{"href":"https:\/\/linitiative.ca\/International\/wp-json\/wp\/v2\/posts"}],"about":[{"href":"https:\/\/linitiative.ca\/International\/wp-json\/wp\/v2\/types\/post"}],"author":[{"embeddable":true,"href":"https:\/\/linitiative.ca\/International\/wp-json\/wp\/v2\/users\/1742"}],"replies":[{"embeddable":true,"href":"https:\/\/linitiative.ca\/International\/wp-json\/wp\/v2\/comments?post=51577"}],"version-history":[{"count":0,"href":"https:\/\/linitiative.ca\/International\/wp-json\/wp\/v2\/posts\/51577\/revisions"}],"wp:attachment":[{"href":"https:\/\/linitiative.ca\/International\/wp-json\/wp\/v2\/media?parent=51577"}],"wp:term":[{"taxonomy":"category","embeddable":true,"href":"https:\/\/linitiative.ca\/International\/wp-json\/wp\/v2\/categories?post=51577"},{"taxonomy":"post_tag","embeddable":true,"href":"https:\/\/linitiative.ca\/International\/wp-json\/wp\/v2\/tags?post=51577"}],"curies":[{"name":"wp","href":"https:\/\/api.w.org\/{rel}","templated":true}]}}