{"id":51587,"date":"2019-08-14T08:20:28","date_gmt":"2019-08-14T12:20:28","guid":{"rendered":"https:\/\/linitiative.ca\/International\/sept-contrebandiers-et-six-narcotrafiquants-arretes-a-bordj-badji-mokhtar-tlemcen-et-oran\/"},"modified":"2019-08-14T08:20:28","modified_gmt":"2019-08-14T12:20:28","slug":"sept-contrebandiers-et-six-narcotrafiquants-arretes-a-bordj-badji-mokhtar-tlemcen-et-oran","status":"publish","type":"post","link":"https:\/\/linitiative.ca\/International\/sept-contrebandiers-et-six-narcotrafiquants-arretes-a-bordj-badji-mokhtar-tlemcen-et-oran\/","title":{"rendered":"Sept contrebandiers et six narcotrafiquants arr\u00eat\u00e9s \u00e0 Bordj Badji Mokhtar, Tlemcen et Oran"},"content":{"rendered":"<div>\n<div class=\"K2FeedImage\"><img decoding=\"async\" src=\"http:\/\/www.aps.dz\/media\/k2\/items\/cache\/743c65752ee4f75c90c1e2bb8ae1a30e_S.jpg\" alt=\"Sept contrebandiers et six narcotrafiquants arr\u00eat\u00e9s \u00e0 Bordj Badji Mokhtar, Tlemcen et Oran\"><\/div>\n<div class=\"K2FeedIntroText\">\n<p><strong>ALGER- Sept contrebandiers ont \u00e9t\u00e9 arr\u00eat\u00e9s, mardi, par des d\u00e9tachements de l&rsquo;Arm\u00e9e nationale populaire (ANP) \u00e0 Bordj Badji Mokhtar, tandis que six narcotrafiquants ont \u00e9t\u00e9 arr\u00eat\u00e9s \u00e0 Tlemcen et Oran, indique mercredi un communiqu\u00e9 du minist\u00e8re de la D\u00e9fense nationale (MDN).<\/strong><\/p>\n<\/div>\n<div class=\"K2FeedFullText\">\n<p>\u00ab\u00a0Dans le cadre de la lutte contre la contrebande et la criminalit\u00e9 organis\u00e9e, des d\u00e9tachements de l&rsquo;Arm\u00e9e nationale populaire ont arr\u00eat\u00e9, le 13 ao\u00fbt 2019 \u00e0 Bordj Badji Mokhtar (6e R\u00e9gion militaire), sept (7) contrebandiers et saisi un camion, un v\u00e9hicule tout-terrain, 12.600 litres de carburants, six (6) groupes \u00e9lectrog\u00e8nes, quatre (4) marteaux piqueurs et 2,5 tonnes de denr\u00e9es alimentaires\u00a0\u00bb, pr\u00e9cise le communiqu\u00e9.<\/p>\n<hr>\n<p><a href=\"http:\/\/www.aps.dz\/regions\/93117-vingt-trois-orpailleurs-arretes-a-tamanrasset-et-djanet\">Lire aussi:\u00a0Vingt-trois orpailleurs arr\u00eat\u00e9s \u00e0 Tamanrasset et Djanet<\/a><\/p>\n<hr>\n<p>Par ailleurs, des Garde-fronti\u00e8res \u00ab\u00a0ont intercept\u00e9, \u00e0 Tlemcen (2e RM), deux (2) narcotrafiquants en possession de 150 kilogrammes de kif trait\u00e9, tandis qu&rsquo;un d\u00e9tachement de l&rsquo;ANP, en coordination avec les \u00e9l\u00e9ments de la Gendarmerie nationale, a appr\u00e9hend\u00e9, \u00e0 Oran, quatre (4) narcotrafiquants en leur possession 1.050 comprim\u00e9s psychotropes\u00a0\u00bb, ajoute la m\u00eame source.<\/p>\n<\/div>\n<\/div>\n<p>Auteur:<br \/>\n<a href=\"http:\/\/www.aps.dz\/regions\/93161-sept-contrebandiers-et-six-narcotrafiquants-arretes-a-bordj-badji-mokhtar-tlemcen-et-oran\">Cliquez ici pour lire l&rsquo;article depuis sa source.<\/a><\/p>\n","protected":false},"excerpt":{"rendered":"<p>ALGER- Sept contrebandiers ont \u00e9t\u00e9 arr\u00eat\u00e9s, mardi, par des d\u00e9tachements de l&rsquo;Arm\u00e9e nationale populaire (ANP) \u00e0 Bordj Badji Mokhtar, tandis que six narcotrafiquants ont \u00e9t\u00e9 arr\u00eat\u00e9s \u00e0 Tlemcen et Oran, indique mercredi un communiqu\u00e9 du minist\u00e8re de la D\u00e9fense nationale (MDN). \u00ab\u00a0Dans le cadre de la lutte contre la contrebande et la criminalit\u00e9 organis\u00e9e, des [&hellip;]<\/p>\n","protected":false},"author":1790,"featured_media":51588,"comment_status":"closed","ping_status":"closed","sticky":false,"template":"","format":"standard","meta":{"fifu_image_url":"","fifu_image_alt":"","footnotes":""},"categories":[53,76],"tags":[],"class_list":["post-51587","post","type-post","status-publish","format-standard","has-post-thumbnail","hentry","category-algerie","category-regions"],"_links":{"self":[{"href":"https:\/\/linitiative.ca\/International\/wp-json\/wp\/v2\/posts\/51587","targetHints":{"allow":["GET"]}}],"collection":[{"href":"https:\/\/linitiative.ca\/International\/wp-json\/wp\/v2\/posts"}],"about":[{"href":"https:\/\/linitiative.ca\/International\/wp-json\/wp\/v2\/types\/post"}],"author":[{"embeddable":true,"href":"https:\/\/linitiative.ca\/International\/wp-json\/wp\/v2\/users\/1790"}],"replies":[{"embeddable":true,"href":"https:\/\/linitiative.ca\/International\/wp-json\/wp\/v2\/comments?post=51587"}],"version-history":[{"count":0,"href":"https:\/\/linitiative.ca\/International\/wp-json\/wp\/v2\/posts\/51587\/revisions"}],"wp:featuredmedia":[{"embeddable":true,"href":"https:\/\/linitiative.ca\/International\/wp-json\/"}],"wp:attachment":[{"href":"https:\/\/linitiative.ca\/International\/wp-json\/wp\/v2\/media?parent=51587"}],"wp:term":[{"taxonomy":"category","embeddable":true,"href":"https:\/\/linitiative.ca\/International\/wp-json\/wp\/v2\/categories?post=51587"},{"taxonomy":"post_tag","embeddable":true,"href":"https:\/\/linitiative.ca\/International\/wp-json\/wp\/v2\/tags?post=51587"}],"curies":[{"name":"wp","href":"https:\/\/api.w.org\/{rel}","templated":true}]}}