{"id":51589,"date":"2019-08-14T10:35:06","date_gmt":"2019-08-14T14:35:06","guid":{"rendered":"https:\/\/linitiative.ca\/International\/tlemcen-plus-de-190-interventions-de-la-protection-civile-durant-la-semaine-de-laid\/"},"modified":"2019-08-14T10:35:06","modified_gmt":"2019-08-14T14:35:06","slug":"tlemcen-plus-de-190-interventions-de-la-protection-civile-durant-la-semaine-de-laid","status":"publish","type":"post","link":"https:\/\/linitiative.ca\/International\/tlemcen-plus-de-190-interventions-de-la-protection-civile-durant-la-semaine-de-laid\/","title":{"rendered":"Tlemcen : plus de 190 interventions de la protection civile durant la semaine de l\u2019Aid"},"content":{"rendered":"<div>\n<div class=\"K2FeedImage\"><img decoding=\"async\" src=\"http:\/\/www.aps.dz\/media\/k2\/items\/cache\/dc1d22a1513a6df556861a0a4091381f_S.jpg\" alt=\"Tlemcen : plus de 190 interventions de la protection civile durant la semaine de l\u2019Aid\"><\/div>\n<div class=\"K2FeedIntroText\">\n<p><strong>TLEMCEN- Les \u00e9l\u00e9ments de la protection civile de la wilaya de Tlemcen ont effectu\u00e9 195 interventions au cours de la semaine de l\u2019Aid, a indiqu\u00e9 mercredi la responsable de la communication de la Direction de la protection civile de Tlemcen.<\/strong><\/p>\n<\/div>\n<div class=\"K2FeedFullText\">\n<p>Les interventions ont concern\u00e9 principalement, a-t-on pr\u00e9cis\u00e9, les feux de for\u00eats notamment au niveau des for\u00eats d\u2019Ahfir ou pas moins d\u2019un hectare de ch\u00eane li\u00e8ge a \u00e9t\u00e9 ravag\u00e9 par le feu en plus des for\u00eats de Tizaghen dans la daira de Beni Ouarsous, Honaine, Beni smail et enfin la for\u00eat de Zelboune.<\/p>\n<p>La wilaya de Tlemcen a enregistr\u00e9 depuis le d\u00e9but de la saison estivale quelque 39 foyers d\u2019incendies ayant ravag\u00e9 plus de 400 hectares de couvert forestier et principalement le pin d\u2019Alep, outre les maquis, la broussaille, l\u2019Alfa et les arbres fruitiers, selon le bilan des services de la protection civile.<\/p>\n<p>Depuis le d\u00e9but du mois d\u2019ao\u00fbt jusqu\u2019au 13 du m\u00eame mois, le bilan fait \u00e9tat de six foyers d\u2019incendies ayant ravag\u00e9 plus de 25 hectares de for\u00eats, de maquis et de broussaille, a-t-on pr\u00e9cis\u00e9 de m\u00eame source<\/p>\n<p>Les services de la protection civile ont \u00e9galement enregistr\u00e9 trois morts par noyade depuis l\u2019ouverture de la saison estivale. Une personne est morte noy\u00e9e dans une plage non surveill\u00e9e de Ghazaouet et deux autres \u00e0 Marsa Ben M\u2019hidi dont le dernier remonte au d\u00e9but de cette semaine, a-t-on indiqu\u00e9.<\/p>\n<p>Les interventions de la protection civile concernent \u00e9galement les \u00e9vacuations de malades vers les h\u00f4pitaux et les accidents de la route.<\/p>\n<\/div>\n<\/div>\n<p>Auteur:<br \/>\n<a href=\"http:\/\/www.aps.dz\/regions\/93168-tlemcen-plus-de-190-interventions-de-la-protection-civile-durant-la-semaine-de-l-aid\">Cliquez ici pour lire l&rsquo;article depuis sa source.<\/a><\/p>\n","protected":false},"excerpt":{"rendered":"<p>TLEMCEN- Les \u00e9l\u00e9ments de la protection civile de la wilaya de Tlemcen ont effectu\u00e9 195 interventions au cours de la semaine de l\u2019Aid, a indiqu\u00e9 mercredi la responsable de la communication de la Direction de la protection civile de Tlemcen. Les interventions ont concern\u00e9 principalement, a-t-on pr\u00e9cis\u00e9, les feux de for\u00eats notamment au niveau des [&hellip;]<\/p>\n","protected":false},"author":1790,"featured_media":51590,"comment_status":"closed","ping_status":"closed","sticky":false,"template":"","format":"standard","meta":{"fifu_image_url":"","fifu_image_alt":"","footnotes":""},"categories":[53,76],"tags":[],"class_list":["post-51589","post","type-post","status-publish","format-standard","has-post-thumbnail","hentry","category-algerie","category-regions"],"_links":{"self":[{"href":"https:\/\/linitiative.ca\/International\/wp-json\/wp\/v2\/posts\/51589","targetHints":{"allow":["GET"]}}],"collection":[{"href":"https:\/\/linitiative.ca\/International\/wp-json\/wp\/v2\/posts"}],"about":[{"href":"https:\/\/linitiative.ca\/International\/wp-json\/wp\/v2\/types\/post"}],"author":[{"embeddable":true,"href":"https:\/\/linitiative.ca\/International\/wp-json\/wp\/v2\/users\/1790"}],"replies":[{"embeddable":true,"href":"https:\/\/linitiative.ca\/International\/wp-json\/wp\/v2\/comments?post=51589"}],"version-history":[{"count":0,"href":"https:\/\/linitiative.ca\/International\/wp-json\/wp\/v2\/posts\/51589\/revisions"}],"wp:featuredmedia":[{"embeddable":true,"href":"https:\/\/linitiative.ca\/International\/wp-json\/"}],"wp:attachment":[{"href":"https:\/\/linitiative.ca\/International\/wp-json\/wp\/v2\/media?parent=51589"}],"wp:term":[{"taxonomy":"category","embeddable":true,"href":"https:\/\/linitiative.ca\/International\/wp-json\/wp\/v2\/categories?post=51589"},{"taxonomy":"post_tag","embeddable":true,"href":"https:\/\/linitiative.ca\/International\/wp-json\/wp\/v2\/tags?post=51589"}],"curies":[{"name":"wp","href":"https:\/\/api.w.org\/{rel}","templated":true}]}}