{"id":51591,"date":"2019-08-14T08:41:27","date_gmt":"2019-08-14T12:41:27","guid":{"rendered":"https:\/\/linitiative.ca\/International\/isly-le-175eme-anniversaire-dune-bataille-heroique\/"},"modified":"2019-08-14T08:41:27","modified_gmt":"2019-08-14T12:41:27","slug":"isly-le-175eme-anniversaire-dune-bataille-heroique","status":"publish","type":"post","link":"https:\/\/linitiative.ca\/International\/isly-le-175eme-anniversaire-dune-bataille-heroique\/","title":{"rendered":"\u00abIsly\u00bb, le 175\u00e8me anniversaire d\u2019une bataille h\u00e9ro\u00efque"},"content":{"rendered":"<p class=\"c1\">Le peuple marocain comm\u00e9more, ce mercredi 14 ao\u00fbt, le 175e anniversaire de la Bataille d\u2019Isly, un \u00e9v\u00e9nement h\u00e9ro\u00efque o\u00f9 les Marocains se sont engag\u00e9s aux c\u00f4t\u00e9s de leurs fr\u00e8res alg\u00e9riens contre l\u2019invasion coloniale fran\u00e7aise, traduisant dans les faits leur attachement \u00e0 la solidarit\u00e9 maghr\u00e9bine.<\/p>\n<p class=\"c1\">Faisant preuve d\u2019une grande bravoure face \u00e0 un ennemi dot\u00e9 de moyens d\u00e9mesur\u00e9s, l\u2019arm\u00e9e marocaine n\u2019a pas h\u00e9sit\u00e9 \u00e0 croiser le fer dans cette bataille qui a eu lieu \u00e0 la fronti\u00e8re alg\u00e9ro-marocaine, exprimant sa d\u00e9termination \u00e0 d\u00e9fendre la dignit\u00e9 et la libert\u00e9 de la Patrie.<\/p>\n<p class=\"c1\">Fait marquant du r\u00e8gne du Sultan Moulay Abderrahmane, la Bataille d\u2019Isly dans la r\u00e9gion de l\u2019Oriental est l\u2019une des nombreuses manifestations de l\u2019attachement du Maroc \u00e0 la solidarit\u00e9 maghr\u00e9bine et constitue un \u00e9v\u00e9nement exceptionnel qui traduit la communion forte entre les peuples de la r\u00e9gion.<\/p>\n<p class=\"c1\">En pr\u00eatant main-forte aux voisins alg\u00e9riens chaque fois que ceux-ci furent la cible de convoitises \u00e9trang\u00e8res, le Royaume a fait montre de son attachement aux nobles principes que lui dictent les pr\u00e9ceptes de l\u2019Islam et que la Dynastie Alaouite a toujours observ\u00e9s, quels que soient les sacrifices.<\/p>\n<p class=\"c1\">Les vell\u00e9it\u00e9s guerri\u00e8res des troupes fran\u00e7aises, disposant de moyens disproportionn\u00e9s, trouvaient leurs motivations dans le soutien qu\u2019accordait le Sultan Moulay Abderrahmane \u00e0 la r\u00e9sistance alg\u00e9rienne, avec \u00e0 sa t\u00eate l\u2019\u00e9mir Abdelkader, ce qui d\u00e9chaina la puissance occupante contre le Maroc, port\u00e9e par un \u00e9lan de convoitises et d\u2019expansion.<\/p>\n<p class=\"c1\">C\u2019est ainsi qu\u2019\u00e0 8 kilom\u00e8tres de la ville d\u2019Oujda, a eu lieu la bataille d\u2019Isly (14 ao\u00fbt 1844) qui avait oppos\u00e9 l\u2019arm\u00e9e du sultan Moulay Abderrahmane aux troupes fran\u00e7aises qui, marchant d\u2019Alger, avaient \u00e0 leur t\u00eate le gouverneur g\u00e9n\u00e9ral d\u2019Alg\u00e9rie, Thomas Bugeaud.<\/p>\n<p class=\"c1\">Cette bataille, d\u2019un point de vue militaire, fut exemplaire quant \u00e0 la d\u00e9termination de l\u2019arm\u00e9e marocaine \u00e0 barrer le chemin \u00e0 l\u2019expansionnisme colonial de la France. Le Maroc y avait align\u00e9 plus de 50.000 hommes, essentiellement des cavaliers appuy\u00e9s par des volontaires venus notamment des tribus Beni Iznassen, Beni Oukil et Angad, alors que dans le camp adverse, le Mar\u00e9chal Bugeaud \u00e9tait \u00e0 la t\u00eate de 11.000 hommes.<\/p>\n<p class=\"c1\">Le refus du Maroc de donner suite aux requ\u00eates fran\u00e7aises lui demandant de lui livrer l\u2019\u00e9mir Abdelkader avait \u00e0 tel point exasp\u00e9r\u00e9 Paris qu\u2019elle accusa l\u2019Empire ch\u00e9rifien d\u2019avoir viol\u00e9 le trait\u00e9 d\u2019amiti\u00e9 franco-marocain en offrant refuge au chef de la lutte arm\u00e9e pour l\u2019ind\u00e9pendance de l\u2019Alg\u00e9rie, l\u2019\u00e9mir Abdelkader, ce qui a fini par conduire in\u00e9luctablement \u00e0 la Bataille d\u2019Isly.<\/p>\n<p class=\"c1\">De prime abord, le mar\u00e9chal Bugeaud avait r\u00e9ussi \u00e0 d\u00e9sorganiser les lignes de l\u2019arm\u00e9e du Maroc dont les troupes, sommairement \u00e9quip\u00e9es et mal entra\u00een\u00e9es, s\u2019\u00e9taient dispers\u00e9es pour aller se regrouper \u00e0 nouveau sur la route de Taza, en terrains accident\u00e9s.<\/p>\n<p class=\"c1\">L\u2019\u00e9tat-major fran\u00e7ais se mit alors \u00e0 \u00e9laborer des plans pour marcher sur les rives de la Moulouya, mais les rudes conditions naturelles du th\u00e9\u00e2tre de combat et les \u00e9pid\u00e9mies qui rongeaient le corps exp\u00e9ditionnaire fran\u00e7ais ont dissuad\u00e9 Bugeaud de se lancer dans une aventure aux lendemains incertains, face \u00e0 des combattants connus pour les retournements qu\u2019ils imprimaient aux situations dans les champs de bataille.<\/p>\n<p class=\"c1\">En revanche, les combattants volontaires marocains ont inflig\u00e9 au colonialiste une cuisante d\u00e9faite lors de la bataille de Sidi Brahim qui s\u2019est d\u00e9roul\u00e9e du 23 au 26 septembre 1845 pr\u00e8s de la ville de Ghazaouat non loin des fronti\u00e8res marocaines.<\/p>\n<p>Auteur: Soufiane ELAHMAR<br \/>\n<a href=\"http:\/\/www.mapoujda.ma\/fr\/le-maroc-commemore-le-175e-anniversaire-de-la-bataille-disly\/\">Cliquez ici pour lire l&rsquo;article depuis sa source.<\/a><\/p>\n","protected":false},"excerpt":{"rendered":"<p>Le peuple marocain comm\u00e9more, ce mercredi 14 ao\u00fbt, le 175e anniversaire de la Bataille d\u2019Isly, un \u00e9v\u00e9nement h\u00e9ro\u00efque o\u00f9 les Marocains se sont engag\u00e9s aux c\u00f4t\u00e9s de leurs fr\u00e8res alg\u00e9riens contre l\u2019invasion coloniale fran\u00e7aise, traduisant dans les faits leur attachement \u00e0 la solidarit\u00e9 maghr\u00e9bine. Faisant preuve d\u2019une grande bravoure face \u00e0 un ennemi dot\u00e9 de [&hellip;]<\/p>\n","protected":false},"author":1788,"featured_media":0,"comment_status":"closed","ping_status":"closed","sticky":false,"template":"","format":"standard","meta":{"fifu_image_url":"","fifu_image_alt":"","footnotes":""},"categories":[54,76],"tags":[],"class_list":["post-51591","post","type-post","status-publish","format-standard","hentry","category-maroc","category-regions"],"_links":{"self":[{"href":"https:\/\/linitiative.ca\/International\/wp-json\/wp\/v2\/posts\/51591","targetHints":{"allow":["GET"]}}],"collection":[{"href":"https:\/\/linitiative.ca\/International\/wp-json\/wp\/v2\/posts"}],"about":[{"href":"https:\/\/linitiative.ca\/International\/wp-json\/wp\/v2\/types\/post"}],"author":[{"embeddable":true,"href":"https:\/\/linitiative.ca\/International\/wp-json\/wp\/v2\/users\/1788"}],"replies":[{"embeddable":true,"href":"https:\/\/linitiative.ca\/International\/wp-json\/wp\/v2\/comments?post=51591"}],"version-history":[{"count":0,"href":"https:\/\/linitiative.ca\/International\/wp-json\/wp\/v2\/posts\/51591\/revisions"}],"wp:attachment":[{"href":"https:\/\/linitiative.ca\/International\/wp-json\/wp\/v2\/media?parent=51591"}],"wp:term":[{"taxonomy":"category","embeddable":true,"href":"https:\/\/linitiative.ca\/International\/wp-json\/wp\/v2\/categories?post=51591"},{"taxonomy":"post_tag","embeddable":true,"href":"https:\/\/linitiative.ca\/International\/wp-json\/wp\/v2\/tags?post=51591"}],"curies":[{"name":"wp","href":"https:\/\/api.w.org\/{rel}","templated":true}]}}