{"id":51622,"date":"2019-08-14T09:00:08","date_gmt":"2019-08-14T13:00:08","guid":{"rendered":"https:\/\/linitiative.ca\/International\/93164-football-verts-d-europe-la-cote-des-internationaux-algeriens-en-hausse-bennacer-l-attraction\/"},"modified":"2019-08-14T09:00:08","modified_gmt":"2019-08-14T13:00:08","slug":"93164-football-verts-d-europe-la-cote-des-internationaux-algeriens-en-hausse-bennacer-l-attraction","status":"publish","type":"post","link":"https:\/\/linitiative.ca\/International\/93164-football-verts-d-europe-la-cote-des-internationaux-algeriens-en-hausse-bennacer-l-attraction\/","title":{"rendered":"Football : la cote des internationaux alg\u00e9riens en hausse, Bennacer l&rsquo;attraction"},"content":{"rendered":"<div>\n<div class=\"K2FeedImage\"><img decoding=\"async\" src=\"http:\/\/www.aps.dz\/media\/k2\/items\/cache\/4a0dc1f8bfe682bff92fce2ebe2eb01b_S.jpg\" alt=\"Ismael Bennacer (21 ans), meilleur joueur de la CAN-2019, a rejoint l'AC Milan pour 16 millions d'euros\"><\/div>\n<div class=\"K2FeedIntroText\">\n<p><strong>ALGER- Sacr\u00e9s champions d&rsquo;Afrique \u00e0 la CAN-2019 disput\u00e9e en Egypte, les joueurs de la s\u00e9lection alg\u00e9rienne de football sont tr\u00e8s convoit\u00e9s sur le march\u00e9 europ\u00e9en en cette p\u00e9riode de transferts d&rsquo;\u00e9t\u00e9, tandis que d&rsquo;autres ont choisi le Golfe pour une fin de carri\u00e8re paisible.<\/strong><\/p>\n<\/div>\n<div class=\"K2FeedFullText\">\n<p>Pas moins de cinq joueurs retenus pour le dernier tournoi continental ont chang\u00e9 de clubs cet \u00e9t\u00e9. Il s&rsquo;agit de Mehdi Tahrat (RC Lens\/France vers Abha\/Arabie saoudite), Mehdi Abeid (Dijon\/France vers Nantes\/France), Isma\u00ebl Bennacer (Empoli\/Italie vers Milan\/Italie), Yacine Brahimi (Porto\/Portugal vers Al-Rayyane\/Qatar) et Ramy Benseba\u00efni (Stade rennais\/France vers Monchengladbach\/Allemagne).<\/p>\n<p>S&rsquo;il y a un transfert qui a fait le buzz, c&rsquo;est incontestablement celui de Bennacer (21 ans), d\u00e9sign\u00e9 meilleur joueur de la CAN-2019, qui vient de rejoindre le tr\u00e8s prestigieux club lombard pour un contrat de cinq ans.<\/p>\n<p>Le dernier d\u00e9part en date est celui de Benseba\u00efni (24 ans), qui a pr\u00e9f\u00e9r\u00e9 opter pour la Bundesliga par la porte de Gladbach, 5e au classement final du pr\u00e9c\u00e9dent exercice. Form\u00e9 \u00e0 l&rsquo;Acad\u00e9mie Jean-Marc-Guillou (JMG) du Paradou AC, le natif de Constantine est en train de poursuivre son ascension apr\u00e8s avoir \u00e9volu\u00e9 en Belgique et en France.<\/p>\n<p>Le milieu d\u00e9fensif Mehdi Abeid, titularis\u00e9 une seule fois \u00e0 la CAN-2019 face \u00e0 la Tanzanie (3-0) lors de la 3e et derni\u00e8re journ\u00e9e de la phase de poules, est devenu \u00ab\u00a0Canari\u00a0\u00bb pour 3 ans en rejoignant le FC Nantes, dirig\u00e9 d\u00e9sormais sur le banc par l&rsquo;ancien s\u00e9lectionneur national Christian Gourcuff.<\/p>\n<hr>\n<p><a href=\"http:\/\/www.aps.dz\/sport\/92188-can2019-finale-l-algerie-sacree-championne-le-caire-celebre-le-sacre-des-verts\">Lire aussi:\u00a0CAN2019\/finale\/l&rsquo;Alg\u00e9rie sacr\u00e9e championne: le Caire c\u00e9l\u00e8bre le sacre des \u00ab\u00a0verts\u00a0\u00bb<\/a><\/p>\n<hr>\n<p>Le d\u00e9fenseur central Mehdi Tahrat et le milieu offensif Yacine Brahimi ont choisi d&rsquo;aller monnayer leur talent respectivement \u00e0 Abha et Al-Rayyane, eux qui sont proches de la trentaine.<\/p>\n<p>Ce duo pourrait \u00eatre rejoint par le milieu d\u00e9fensif Adl\u00e8ne Guedioura, attendu mercredi \u00e0 Doha pour passer sa visite m\u00e9dicale et s&rsquo;engager avec Al-Gharrafa. Ag\u00e9 de 34 ans, Guedioura va probablement raccrocher les crampons dans le petit \u00e9mirat du Golfe, apr\u00e8s avoir fait l&rsquo;essentiel de sa carri\u00e8re en Angleterre.<\/p>\n<p>D&rsquo;autres champions d&rsquo;Afrique sont susceptibles de changer d&rsquo;air cet \u00e9t\u00e9.<\/p>\n<p>On cite notamment Youcef Atal (OGC Nice\/France), convoit\u00e9 par le Paris SG (France), A\u00efssa Mandi (Betis S\u00e9ville\/Espagne), dans le viseur de Naples (Italie) et Hicham Boudaoui (Paradou AC), en route vers le club belge de Charleroi.<\/p>\n<p>D\u00e9part imminent \u00e9galement pour Mehdi Zeffane, en fin de contrat avec le Stade rennais et Adam Ounas, qui a b\u00e9n\u00e9fici\u00e9 d&rsquo;un bon de sortie du Napoli.<\/p>\n<p>Enfin, l&rsquo;attaquant Islam Slimani, meilleur buteur en activit\u00e9 de l&rsquo;\u00e9quipe nationale (27 buts), est revenu \u00e0 Leicester City (Angleterre), apr\u00e8s la fin de son pr\u00eat pour une saison \u00e0 Fenerbah\u00e7e (Turquie). Aucun club ne s&rsquo;est manifest\u00e9 officiellement pour s&rsquo;attacher les services de l&rsquo;ancien buteur du CR Belouizdad.<\/p>\n<\/div>\n<p><img loading=\"lazy\" decoding=\"async\" src=\"http:\/\/feeds.feedburner.com\/~r\/aps-sport\/~4\/uFcPnZ1WSE0\" height=\"1\" width=\"1\" alt=\"\"><\/div>\n<p>Auteur:<br \/>\n<a href=\"http:\/\/www.aps.dz\/sport\/93164-football-verts-d-europe-la-cote-des-internationaux-algeriens-en-hausse-bennacer-l-attraction?utm_source=feedburner&#038;utm_medium=feed&#038;utm_campaign=Feed%3A+aps-sport+%28APS+-+SPORT%29\">Cliquez ici pour lire l&rsquo;article depuis sa source.<\/a><\/p>\n","protected":false},"excerpt":{"rendered":"<p>ALGER- Sacr\u00e9s champions d&rsquo;Afrique \u00e0 la CAN-2019 disput\u00e9e en Egypte, les joueurs de la s\u00e9lection alg\u00e9rienne de football sont tr\u00e8s convoit\u00e9s sur le march\u00e9 europ\u00e9en en cette p\u00e9riode de transferts d&rsquo;\u00e9t\u00e9, tandis que d&rsquo;autres ont choisi le Golfe pour une fin de carri\u00e8re paisible. Pas moins de cinq joueurs retenus pour le dernier tournoi continental [&hellip;]<\/p>\n","protected":false},"author":1790,"featured_media":51623,"comment_status":"closed","ping_status":"closed","sticky":false,"template":"","format":"standard","meta":{"fifu_image_url":"","fifu_image_alt":"","footnotes":""},"categories":[53,75],"tags":[],"class_list":["post-51622","post","type-post","status-publish","format-standard","has-post-thumbnail","hentry","category-algerie","category-sport"],"_links":{"self":[{"href":"https:\/\/linitiative.ca\/International\/wp-json\/wp\/v2\/posts\/51622","targetHints":{"allow":["GET"]}}],"collection":[{"href":"https:\/\/linitiative.ca\/International\/wp-json\/wp\/v2\/posts"}],"about":[{"href":"https:\/\/linitiative.ca\/International\/wp-json\/wp\/v2\/types\/post"}],"author":[{"embeddable":true,"href":"https:\/\/linitiative.ca\/International\/wp-json\/wp\/v2\/users\/1790"}],"replies":[{"embeddable":true,"href":"https:\/\/linitiative.ca\/International\/wp-json\/wp\/v2\/comments?post=51622"}],"version-history":[{"count":0,"href":"https:\/\/linitiative.ca\/International\/wp-json\/wp\/v2\/posts\/51622\/revisions"}],"wp:featuredmedia":[{"embeddable":true,"href":"https:\/\/linitiative.ca\/International\/wp-json\/"}],"wp:attachment":[{"href":"https:\/\/linitiative.ca\/International\/wp-json\/wp\/v2\/media?parent=51622"}],"wp:term":[{"taxonomy":"category","embeddable":true,"href":"https:\/\/linitiative.ca\/International\/wp-json\/wp\/v2\/categories?post=51622"},{"taxonomy":"post_tag","embeddable":true,"href":"https:\/\/linitiative.ca\/International\/wp-json\/wp\/v2\/tags?post=51622"}],"curies":[{"name":"wp","href":"https:\/\/api.w.org\/{rel}","templated":true}]}}