{"id":51645,"date":"2019-08-14T08:30:00","date_gmt":"2019-08-14T12:30:00","guid":{"rendered":"https:\/\/linitiative.ca\/International\/pourquoi-est-il-si-difficile-pour-nos-chroniqueurs-de-dire-je-ne-sais-pas\/"},"modified":"2019-08-14T08:30:00","modified_gmt":"2019-08-14T12:30:00","slug":"pourquoi-est-il-si-difficile-pour-nos-chroniqueurs-de-dire-je-ne-sais-pas","status":"publish","type":"post","link":"https:\/\/linitiative.ca\/International\/pourquoi-est-il-si-difficile-pour-nos-chroniqueurs-de-dire-je-ne-sais-pas\/","title":{"rendered":"Pourquoi est-il si difficile pour nos chroniqueurs de dire \u00ab je ne sais pas \u00bb ?"},"content":{"rendered":"<p>\u00abPeut-\u00eatre sommes-nous en train de vivre l\u2019\u00e9poque o\u00f9 l\u2019on doit, o\u00f9 l\u2019on devrait \u00e0 tout moment dire \u00ab je ne sais pas\u00bb. Que l\u2019on nous demande notre avis sur la proximit\u00e9 d\u2019une nouvelle guerre mondiale ou sur les m\u00e9rites compar\u00e9s de Donald Trump et de Marine Le Pen, la r\u00e9ponse qui s\u2019impose, c\u2019est que l\u2019on ne sait pas \u00bb.\u00a0<\/p>\n<p>Ces lignes sont extraites d&rsquo;un \u00e9ditorial de Jean Daniel intitul\u00e9 \u00abJe ne sais pas\u00bb.Voil\u00e0 un homme qui a incarn\u00e9 pour ma g\u00e9n\u00e9ration une certaine id\u00e9e du journalisme, autrement dit, la rigueur, l&rsquo;objectivit\u00e9, le souci constant de s&rsquo;effacer derri\u00e8re son sujet et une grande modestie. Face \u00e0 la complexit\u00e9 du contexte actuel, marqu\u00e9 par l&rsquo;\u00e9mergence de figures politiques hors partis, la mont\u00e9e du terrorisme dans le monde et l\u2019acc\u00e9l\u00e9ration de l\u2019histoire qui ne permet pas d&rsquo;avoir le recul n\u00e9cessaire pour comprendre, puis juger \u00e0 bon escient, on ne peut que comprendre les scrupules qui tourmentent Jean Daniel.<\/p>\n<p>Doyen d\u2019\u00e2ge des journalistes fran\u00e7ais, puisqu\u2019il est aujourd\u2019hui quasi centenaire (il a boucl\u00e9 ses 99 ans le 21 juillet 2019 ), il se pr\u00e9vaut d&rsquo;une carri\u00e8re qui s&rsquo;\u00e9tale sur 70 ans au cours de laquelle Il a sillonn\u00e9 la plan\u00e8te de long en large, connu les grands de ce monde qui n&rsquo;h\u00e9sitaient pas \u00e0 le consulter sur certains dossiers \u00e9pineux, couvert la plupart des grands \u00e9v\u00e8nements qui ont marqu\u00e9 le XXe si\u00e8cle y compris les \u00e9v\u00e8nements de Bizerte en 1961 o\u00f9 il avait \u00e9chapp\u00e9 de peu \u00e0 la mort, \u00e9crit et lu sur tous les sujets, et pourtant, il s&rsquo;avoue incapable parfois de saisir les changements drastiques que notre plan\u00e8te a connu ces derni\u00e8res ann\u00e9es.<\/p>\n<p>On dit que le vrai talent est consubstantiel \u00e0 la modestie. De fait, l&rsquo;aveu de Jean Daniel sonne comme un message d&rsquo;humilit\u00e9 dont seuls les grands esprits comme lui sont capables. Pour nous, journalistes tunisiens, c&rsquo;est un choc salutaire. Par orgueil, nous continuons \u00e0 jouer imperturbablement au \u00abMonsieur-qui-sait-tout\u00bb comme si on avait la science infuse, qu&rsquo;il s&rsquo;agisse de la situation int\u00e9rieure ou de l&rsquo;actualit\u00e9 internationale, poussant l&rsquo;outrecuidance jusqu&rsquo;\u00e0 \u00e9mettre des jugements p\u00e9remptoires sur des sujets qu&rsquo;on ne ma\u00eetrise pas ou pas assez. C&rsquo;est le cas notamment de certains de nos chroniqueurs qui ne se r\u00e9solvent pas \u00e0 dire : \u00abje ne sais pas\u00bb. Ils seraient bien inspir\u00e9s de suivre l&rsquo;exemple de Jean Daniel d&rsquo;autant plus qu&rsquo;on a la chance de pratiquer un m\u00e9tier o\u00f9 la modestie doit \u00eatre une vertu cardinale, o\u00f9 \u00abplus on sait, plus on a l&rsquo;impression de ne rien savoir\u00bb.<\/p>\n<p class=\"c2\"><strong>Hedi B\u00e9hi<\/strong><\/p>\n<p>Auteur:<br \/>\n<a href=\"https:\/\/www.leaders.com.tn\/article\/27704-pourquoi-est-il-si-difficile-de-dire-je-ne-sais-pas\">Cliquez ici pour lire l&rsquo;article depuis sa source.<\/a><\/p>\n","protected":false},"excerpt":{"rendered":"<p>\u00abPeut-\u00eatre sommes-nous en train de vivre l\u2019\u00e9poque o\u00f9 l\u2019on doit, o\u00f9 l\u2019on devrait \u00e0 tout moment dire \u00ab je ne sais pas\u00bb. Que l\u2019on nous demande notre avis sur la proximit\u00e9 d\u2019une nouvelle guerre mondiale ou sur les m\u00e9rites compar\u00e9s de Donald Trump et de Marine Le Pen, la r\u00e9ponse qui s\u2019impose, c\u2019est que l\u2019on [&hellip;]<\/p>\n","protected":false},"author":1772,"featured_media":0,"comment_status":"closed","ping_status":"closed","sticky":false,"template":"","format":"standard","meta":{"fifu_image_url":"","fifu_image_alt":"","footnotes":""},"categories":[73,55],"tags":[],"class_list":["post-51645","post","type-post","status-publish","format-standard","hentry","category-actualite","category-tunisie"],"_links":{"self":[{"href":"https:\/\/linitiative.ca\/International\/wp-json\/wp\/v2\/posts\/51645","targetHints":{"allow":["GET"]}}],"collection":[{"href":"https:\/\/linitiative.ca\/International\/wp-json\/wp\/v2\/posts"}],"about":[{"href":"https:\/\/linitiative.ca\/International\/wp-json\/wp\/v2\/types\/post"}],"author":[{"embeddable":true,"href":"https:\/\/linitiative.ca\/International\/wp-json\/wp\/v2\/users\/1772"}],"replies":[{"embeddable":true,"href":"https:\/\/linitiative.ca\/International\/wp-json\/wp\/v2\/comments?post=51645"}],"version-history":[{"count":0,"href":"https:\/\/linitiative.ca\/International\/wp-json\/wp\/v2\/posts\/51645\/revisions"}],"wp:attachment":[{"href":"https:\/\/linitiative.ca\/International\/wp-json\/wp\/v2\/media?parent=51645"}],"wp:term":[{"taxonomy":"category","embeddable":true,"href":"https:\/\/linitiative.ca\/International\/wp-json\/wp\/v2\/categories?post=51645"},{"taxonomy":"post_tag","embeddable":true,"href":"https:\/\/linitiative.ca\/International\/wp-json\/wp\/v2\/tags?post=51645"}],"curies":[{"name":"wp","href":"https:\/\/api.w.org\/{rel}","templated":true}]}}