{"id":51651,"date":"2019-08-14T06:00:00","date_gmt":"2019-08-14T10:00:00","guid":{"rendered":"https:\/\/linitiative.ca\/International\/dortmund-affiche-sa-bonne-sante-financiere\/"},"modified":"2019-08-14T06:00:00","modified_gmt":"2019-08-14T10:00:00","slug":"dortmund-affiche-sa-bonne-sante-financiere","status":"publish","type":"post","link":"https:\/\/linitiative.ca\/International\/dortmund-affiche-sa-bonne-sante-financiere\/","title":{"rendered":"Dortmund affiche sa bonne sant\u00e9 financi\u00e8re"},"content":{"rendered":"<p>Le Borussia Dortmund, deuxi\u00e8me du championnat d&rsquo;Allemagne la saison derni\u00e8re, a r\u00e9v\u00e9l\u00e9 mardi un r\u00e9sultat b\u00e9n\u00e9ficiaire pour l&rsquo;exercice 2018\/2019, avec un chiffre d&rsquo;affaires quasi-record. Apr\u00e8s imp\u00f4ts, le b\u00e9n\u00e9fice net du seul club allemand c\u00f4t\u00e9 en bourse se monte \u00e0 17,4 millions d&rsquo;euros (du 1er juillet 2018 au 30 juin 2019), ce qui lui permet de verser un dividende de 6 cents par action \u00e0 ses actionnaires. \u00abNous sommes une marque forte, dans tous les secteurs importants nous sommes dans le top-3\u00bb en Allemagne, s&rsquo;est f\u00e9licit\u00e9 Hans-Joachim Watzke, le directeur ex\u00e9cutif du club. Le chiffre d&rsquo;affaires a atteint 489,5 millions d&rsquo;euros, soit 46,5 millions de moins que l&rsquo;ann\u00e9e pr\u00e9c\u00e9dente, rendue exceptionnelle par les transferts de Ousmane Demb\u00e9l\u00e9 \u00e0 Barcelone (105 millions plus bonus) et de Pierre-Emerick Aubameyang \u00e0 Arsenal (64 millions). Hors transferts, le chiffre d&rsquo;affaires a progress\u00e9 de 56 millions d&rsquo;euros, profitant des efforts continus du club pour s&rsquo;implanter sur les march\u00e9s asiatiques, mais aussi aux Etats-Unis, o\u00f9 l&rsquo;\u00e9quipe a effectu\u00e9 sa tourn\u00e9e cet \u00e9t\u00e9. Sportivement, Dortmund a d\u00fb dig\u00e9rer la d\u00e9sillusion en championnat la saison derni\u00e8re, o\u00f9 l&rsquo;\u00e9quipe n&rsquo;a pris que la deuxi\u00e8me place apr\u00e8s avoir \u00e9t\u00e9 largement en t\u00eate jusqu&rsquo;au d\u00e9but de l&rsquo;ann\u00e9e 2019. M. Watzke s&rsquo;est dit convaincu que les bons choix avaient \u00e9t\u00e9 faits pour la saison \u00e0 venir, qui d\u00e9bute samedi par la r\u00e9ception de Augsbourg (15h30). L&rsquo;objectif affich\u00e9 est de conqu\u00e9rir le titre, qui \u00e9chappe au Borussia depuis 2012. \u00abNous avons une bonne \u00e9quipe, un bon team d&rsquo;entra\u00eeneurs, nous sommes confiants : nous allons atteindre nos objectifs. Le combat acharn\u00e9 la saison derni\u00e8re a fait du bien \u00e0 la Bundesliga et nous allons tout mettre en oeuvre pour que ce soit de nouveau aussi passionnant cette saison.\u00bb<\/p>\n<p>Auteur:<br \/>\n<a href=\"https:\/\/www.lesoirdalgerie.com\/sports\/dortmund-affiche-sa-bonne-sante-financiere-28561\">Cliquez ici pour lire l&rsquo;article depuis sa source.<\/a><\/p>\n","protected":false},"excerpt":{"rendered":"<p>Le Borussia Dortmund, deuxi\u00e8me du championnat d&rsquo;Allemagne la saison derni\u00e8re, a r\u00e9v\u00e9l\u00e9 mardi un r\u00e9sultat b\u00e9n\u00e9ficiaire pour l&rsquo;exercice 2018\/2019, avec un chiffre d&rsquo;affaires quasi-record. Apr\u00e8s imp\u00f4ts, le b\u00e9n\u00e9fice net du seul club allemand c\u00f4t\u00e9 en bourse se monte \u00e0 17,4 millions d&rsquo;euros (du 1er juillet 2018 au 30 juin 2019), ce qui lui permet de [&hellip;]<\/p>\n","protected":false},"author":1741,"featured_media":0,"comment_status":"closed","ping_status":"closed","sticky":false,"template":"","format":"standard","meta":{"fifu_image_url":"","fifu_image_alt":"","footnotes":""},"categories":[73,53],"tags":[],"class_list":["post-51651","post","type-post","status-publish","format-standard","hentry","category-actualite","category-algerie"],"_links":{"self":[{"href":"https:\/\/linitiative.ca\/International\/wp-json\/wp\/v2\/posts\/51651","targetHints":{"allow":["GET"]}}],"collection":[{"href":"https:\/\/linitiative.ca\/International\/wp-json\/wp\/v2\/posts"}],"about":[{"href":"https:\/\/linitiative.ca\/International\/wp-json\/wp\/v2\/types\/post"}],"author":[{"embeddable":true,"href":"https:\/\/linitiative.ca\/International\/wp-json\/wp\/v2\/users\/1741"}],"replies":[{"embeddable":true,"href":"https:\/\/linitiative.ca\/International\/wp-json\/wp\/v2\/comments?post=51651"}],"version-history":[{"count":0,"href":"https:\/\/linitiative.ca\/International\/wp-json\/wp\/v2\/posts\/51651\/revisions"}],"wp:attachment":[{"href":"https:\/\/linitiative.ca\/International\/wp-json\/wp\/v2\/media?parent=51651"}],"wp:term":[{"taxonomy":"category","embeddable":true,"href":"https:\/\/linitiative.ca\/International\/wp-json\/wp\/v2\/categories?post=51651"},{"taxonomy":"post_tag","embeddable":true,"href":"https:\/\/linitiative.ca\/International\/wp-json\/wp\/v2\/tags?post=51651"}],"curies":[{"name":"wp","href":"https:\/\/api.w.org\/{rel}","templated":true}]}}