{"id":51654,"date":"2019-08-14T06:00:00","date_gmt":"2019-08-14T10:00:00","guid":{"rendered":"https:\/\/linitiative.ca\/International\/le-nouveau-cristiano-est-a-madrid\/"},"modified":"2019-08-14T06:00:00","modified_gmt":"2019-08-14T10:00:00","slug":"le-nouveau-cristiano-est-a-madrid","status":"publish","type":"post","link":"https:\/\/linitiative.ca\/International\/le-nouveau-cristiano-est-a-madrid\/","title":{"rendered":"LE NOUVEAU CRISTIANO EST \u00c0 MADRID"},"content":{"rendered":"<p>S&rsquo;il y a bien un joueur qui fait parler de lui au cours de cette intersaison, c&rsquo;est bien le jeune international Portugais, Joa Felix, qui a \u00e9t\u00e9 transf\u00e9r\u00e9 du Benfica \u00e0 l&rsquo;Atl\u00e9tico de Madrid pour la somme record de 127 millions d&rsquo;euros. C&rsquo;est la premi\u00e8re fois dans son histoire que le club des colchoneros d\u00e9pense autant d&rsquo;argent pour un seul attaquant. Mais, Joa Felix n&rsquo;a pas tard\u00e9 \u00e0 justifier son prix sur le terrain. D&rsquo;abord, il y a quelques jours, il aura \u00e9t\u00e9 le bourreau du Real Madrid lors de ce m\u00e9morable carton pass\u00e9 aux poulains de Zidane (7-3). Et samedi dernier, il a r\u00e9cidiv\u00e9 contre la Juventus en inscrivant deux superbes buts au nez et \u00e0 la barbe d&rsquo;une charni\u00e8re centrale de tr\u00e8s haute qualit\u00e9 compos\u00e9e de Chellini et de De Light, la p\u00e9pite hollandaise, transfuge de l&rsquo;Ajax et tout cela sous le regard admiratif de son ma\u00eetre et de son idole, Cristiano Ronaldo. D\u00e9j\u00e0, la presse madril\u00e8ne s&rsquo;enflamme pour cet attaquant rac\u00e9 qui a vite fait oublier le d\u00e9part de Griezmann vers le Bar\u00e7a et qui a tout pour devenir le mouveau Ronaldo.<br \/>H. B.<\/p>\n<p>Auteur:<br \/>\n<a href=\"https:\/\/www.lesoirdalgerie.com\/sports\/le-nouveau-cristiano-est-a-madrid-28558\">Cliquez ici pour lire l&rsquo;article depuis sa source.<\/a><\/p>\n","protected":false},"excerpt":{"rendered":"<p>S&rsquo;il y a bien un joueur qui fait parler de lui au cours de cette intersaison, c&rsquo;est bien le jeune international Portugais, Joa Felix, qui a \u00e9t\u00e9 transf\u00e9r\u00e9 du Benfica \u00e0 l&rsquo;Atl\u00e9tico de Madrid pour la somme record de 127 millions d&rsquo;euros. C&rsquo;est la premi\u00e8re fois dans son histoire que le club des colchoneros d\u00e9pense [&hellip;]<\/p>\n","protected":false},"author":1741,"featured_media":0,"comment_status":"closed","ping_status":"closed","sticky":false,"template":"","format":"standard","meta":{"fifu_image_url":"","fifu_image_alt":"","footnotes":""},"categories":[73,53],"tags":[],"class_list":["post-51654","post","type-post","status-publish","format-standard","hentry","category-actualite","category-algerie"],"_links":{"self":[{"href":"https:\/\/linitiative.ca\/International\/wp-json\/wp\/v2\/posts\/51654","targetHints":{"allow":["GET"]}}],"collection":[{"href":"https:\/\/linitiative.ca\/International\/wp-json\/wp\/v2\/posts"}],"about":[{"href":"https:\/\/linitiative.ca\/International\/wp-json\/wp\/v2\/types\/post"}],"author":[{"embeddable":true,"href":"https:\/\/linitiative.ca\/International\/wp-json\/wp\/v2\/users\/1741"}],"replies":[{"embeddable":true,"href":"https:\/\/linitiative.ca\/International\/wp-json\/wp\/v2\/comments?post=51654"}],"version-history":[{"count":0,"href":"https:\/\/linitiative.ca\/International\/wp-json\/wp\/v2\/posts\/51654\/revisions"}],"wp:attachment":[{"href":"https:\/\/linitiative.ca\/International\/wp-json\/wp\/v2\/media?parent=51654"}],"wp:term":[{"taxonomy":"category","embeddable":true,"href":"https:\/\/linitiative.ca\/International\/wp-json\/wp\/v2\/categories?post=51654"},{"taxonomy":"post_tag","embeddable":true,"href":"https:\/\/linitiative.ca\/International\/wp-json\/wp\/v2\/tags?post=51654"}],"curies":[{"name":"wp","href":"https:\/\/api.w.org\/{rel}","templated":true}]}}