{"id":51655,"date":"2019-08-14T06:00:00","date_gmt":"2019-08-14T10:00:00","guid":{"rendered":"https:\/\/linitiative.ca\/International\/zidane-ny-arrive-pas\/"},"modified":"2019-08-14T06:00:00","modified_gmt":"2019-08-14T10:00:00","slug":"zidane-ny-arrive-pas","status":"publish","type":"post","link":"https:\/\/linitiative.ca\/International\/zidane-ny-arrive-pas\/","title":{"rendered":"ZIDANE N&rsquo;Y ARRIVE PAS"},"content":{"rendered":"<p>A cinq jours du d\u00e9but de la Liga, le Real Madrid continue d&rsquo;inqui\u00e9ter ses supporters, apr\u00e8s un dernier match de pr\u00e9paration d\u00e9cevant face \u00e0 la Roma et un nul (2-2) qui a encore une fois d\u00e9montr\u00e9 la f\u00e9brilit\u00e9 d\u00e9fensive des camarades de Modric qui peine \u00e0 justifier son titre de ballon d&rsquo;or. Pourtant, Zidane aura tout essay\u00e9. Sa derni\u00e8re version avec trois d\u00e9fenseurs centraux pour lib\u00e9rer Modric des t\u00e2ches d\u00e9fensives et pour permettre aux lat\u00e9raux de monter a bien march\u00e9 face aux Autrichiens de Salzbourg, mais contre un adversaire de meilleure qualit\u00e9 comme l&rsquo;A.S.Roma, tout a vol\u00e9 en \u00e9clats. D&rsquo;ailleurs, en seconde p\u00e9riode, il est revenu \u00e0 un 4-4-2 classique sans pour autant am\u00e9liorer le jeu de son \u00e9quipe. Cela prouve que Zizou est d\u00e9sempar\u00e9 et cela s&rsquo;est vu lors de sa conf\u00e9rence quand il a eu des r\u00e9ponses \u00e9vasives et une attitude d&rsquo;un entraineur plut\u00f4t \u00e9nerv\u00e9 et contrari\u00e9, ce qui peut se comprendre quand on sait que la recrue qu&rsquo;il voulait \u00e0 tout prix, Paul Pogba ne viendra pas. Ajoutez \u00e0 cela le cas des trois joueurs (Bale, James et Mariano) dont il ne veut pas et qui n&rsquo;a toujours pas \u00e9t\u00e9 r\u00e9gl\u00e9. D\u00e9cid\u00e9ment, le Real va entamer la saison comme il l&rsquo;a termin\u00e9e, en crise.<br \/>H. B.<\/p>\n<p>Auteur:<br \/>\n<a href=\"https:\/\/www.lesoirdalgerie.com\/sports\/zidane-ny-arrive-pas-28557\">Cliquez ici pour lire l&rsquo;article depuis sa source.<\/a><\/p>\n","protected":false},"excerpt":{"rendered":"<p>A cinq jours du d\u00e9but de la Liga, le Real Madrid continue d&rsquo;inqui\u00e9ter ses supporters, apr\u00e8s un dernier match de pr\u00e9paration d\u00e9cevant face \u00e0 la Roma et un nul (2-2) qui a encore une fois d\u00e9montr\u00e9 la f\u00e9brilit\u00e9 d\u00e9fensive des camarades de Modric qui peine \u00e0 justifier son titre de ballon d&rsquo;or. Pourtant, Zidane aura [&hellip;]<\/p>\n","protected":false},"author":1741,"featured_media":0,"comment_status":"closed","ping_status":"closed","sticky":false,"template":"","format":"standard","meta":{"fifu_image_url":"","fifu_image_alt":"","footnotes":""},"categories":[73,53],"tags":[],"class_list":["post-51655","post","type-post","status-publish","format-standard","hentry","category-actualite","category-algerie"],"_links":{"self":[{"href":"https:\/\/linitiative.ca\/International\/wp-json\/wp\/v2\/posts\/51655","targetHints":{"allow":["GET"]}}],"collection":[{"href":"https:\/\/linitiative.ca\/International\/wp-json\/wp\/v2\/posts"}],"about":[{"href":"https:\/\/linitiative.ca\/International\/wp-json\/wp\/v2\/types\/post"}],"author":[{"embeddable":true,"href":"https:\/\/linitiative.ca\/International\/wp-json\/wp\/v2\/users\/1741"}],"replies":[{"embeddable":true,"href":"https:\/\/linitiative.ca\/International\/wp-json\/wp\/v2\/comments?post=51655"}],"version-history":[{"count":0,"href":"https:\/\/linitiative.ca\/International\/wp-json\/wp\/v2\/posts\/51655\/revisions"}],"wp:attachment":[{"href":"https:\/\/linitiative.ca\/International\/wp-json\/wp\/v2\/media?parent=51655"}],"wp:term":[{"taxonomy":"category","embeddable":true,"href":"https:\/\/linitiative.ca\/International\/wp-json\/wp\/v2\/categories?post=51655"},{"taxonomy":"post_tag","embeddable":true,"href":"https:\/\/linitiative.ca\/International\/wp-json\/wp\/v2\/tags?post=51655"}],"curies":[{"name":"wp","href":"https:\/\/api.w.org\/{rel}","templated":true}]}}