{"id":51656,"date":"2019-08-14T06:00:00","date_gmt":"2019-08-14T10:00:00","guid":{"rendered":"https:\/\/linitiative.ca\/International\/perisic-prete-un-an-au-bayern\/"},"modified":"2019-08-14T06:00:00","modified_gmt":"2019-08-14T10:00:00","slug":"perisic-prete-un-an-au-bayern","status":"publish","type":"post","link":"https:\/\/linitiative.ca\/International\/perisic-prete-un-an-au-bayern\/","title":{"rendered":"Perisic pr\u00eat\u00e9 un an au Bayern"},"content":{"rendered":"<p>Le Bayern Munich a confirm\u00e9 mardi le transfert de l&rsquo;attaquant croate de 30 ans de l&rsquo;Inter Milan Ivan Perisic, sur la base d&rsquo;un pr\u00eat d&rsquo;une saison avec option d&rsquo;achat. La transaction, selon la presse allemande, se monte \u00e0 5 millions d&rsquo;euros pour le pr\u00eat, et le Bayern aura la possibilit\u00e9 ensuite d&rsquo;acheter le vice-champion du monde pour 20 millions d&rsquo;euros.<br \/>Le club champion d&rsquo;Allemagne cherche toujours \u00e0 renforcer son attaque apr\u00e8s les d\u00e9parts de Rib\u00e9ry et Robben (fin de contrat) et James (reparti au Real). \u00abIvan va nous apporter imm\u00e9diatement sa longue exp\u00e9rience au top-niveau international\u00bb, s&rsquo;est f\u00e9licit\u00e9 le directeur sportif du Bayern Hasan Salihamidzic. \u00abIl est fort techniquement et polyvalent en attaque. Je suis convaincu qu&rsquo;il va s&rsquo;int\u00e9grer rapidement, car il conna\u00eet bien la Bundesliga et aussi notre entra\u00eeneur Niko Kovac\u00bb. Le Croate, qui a jou\u00e9 \u00e0 Dortmund puis \u00e0 Wolfsburg entre 2011 et 2015, a remport\u00e9 la Bundesliga avec le Borussia en 2012, et la Coupe d&rsquo;Allemagne une fois avec chacun des deux clubs. Il retrouvera surtout son compatriote Niko Kovac, qu&rsquo;il avait c\u00f4toy\u00e9 lorsque ce dernier \u00e9tait encore s\u00e9lectionneur de la Croatie entre 2013 et 2015. \u00abJe suis tr\u00e8s heureux de revenir en Allemagne (&#8230;) Nous voulons r\u00e9ussir non seulement en Bundesliga et en coupe, mais \u00e9galement en Ligue des champions\u00bb, a dit la nouvelle recrue, cit\u00e9e par le site du club. Joueur milanais depuis 2015, Perisic \u00e9tait sous contrat jusqu&rsquo;\u00e0 2022 avec les Italiens, mais n&rsquo;entrait pas dans les plans du nouvel entra\u00eeneur Antonio Conte. Auteur d&rsquo;un but en finale de Coupe du monde en 2018 face \u00e0 la France, le trentenaire viendra appuyer l&rsquo;actuel duo d&rsquo;ailiers Kingsley Coman (23 ans) et Serge Gnabry (24 ans). Il pourrait en th\u00e9orie \u00eatre align\u00e9 d\u00e8s vendredi contre le Hertha Berlin pour le match d&rsquo;ouverture du championnat. Son recrutement ressemble cependant \u00e0 un plan B pour les Bavarois, qui ont longtemps courtis\u00e9 l&rsquo;international allemand de Manchester City Leroy San\u00e9. La piste San\u00e9 n&rsquo;est pas totalement abandonn\u00e9e, mais l&rsquo;attaquant de 23 ans est bless\u00e9 au genou droit et indisponible pour plusieurs mois.<\/p>\n<p>Auteur:<br \/>\n<a href=\"https:\/\/www.lesoirdalgerie.com\/sports\/perisic-prete-un-an-au-bayern-28556\">Cliquez ici pour lire l&rsquo;article depuis sa source.<\/a><\/p>\n","protected":false},"excerpt":{"rendered":"<p>Le Bayern Munich a confirm\u00e9 mardi le transfert de l&rsquo;attaquant croate de 30 ans de l&rsquo;Inter Milan Ivan Perisic, sur la base d&rsquo;un pr\u00eat d&rsquo;une saison avec option d&rsquo;achat. La transaction, selon la presse allemande, se monte \u00e0 5 millions d&rsquo;euros pour le pr\u00eat, et le Bayern aura la possibilit\u00e9 ensuite d&rsquo;acheter le vice-champion du [&hellip;]<\/p>\n","protected":false},"author":1741,"featured_media":0,"comment_status":"closed","ping_status":"closed","sticky":false,"template":"","format":"standard","meta":{"fifu_image_url":"","fifu_image_alt":"","footnotes":""},"categories":[73,53],"tags":[],"class_list":["post-51656","post","type-post","status-publish","format-standard","hentry","category-actualite","category-algerie"],"_links":{"self":[{"href":"https:\/\/linitiative.ca\/International\/wp-json\/wp\/v2\/posts\/51656","targetHints":{"allow":["GET"]}}],"collection":[{"href":"https:\/\/linitiative.ca\/International\/wp-json\/wp\/v2\/posts"}],"about":[{"href":"https:\/\/linitiative.ca\/International\/wp-json\/wp\/v2\/types\/post"}],"author":[{"embeddable":true,"href":"https:\/\/linitiative.ca\/International\/wp-json\/wp\/v2\/users\/1741"}],"replies":[{"embeddable":true,"href":"https:\/\/linitiative.ca\/International\/wp-json\/wp\/v2\/comments?post=51656"}],"version-history":[{"count":0,"href":"https:\/\/linitiative.ca\/International\/wp-json\/wp\/v2\/posts\/51656\/revisions"}],"wp:attachment":[{"href":"https:\/\/linitiative.ca\/International\/wp-json\/wp\/v2\/media?parent=51656"}],"wp:term":[{"taxonomy":"category","embeddable":true,"href":"https:\/\/linitiative.ca\/International\/wp-json\/wp\/v2\/categories?post=51656"},{"taxonomy":"post_tag","embeddable":true,"href":"https:\/\/linitiative.ca\/International\/wp-json\/wp\/v2\/tags?post=51656"}],"curies":[{"name":"wp","href":"https:\/\/api.w.org\/{rel}","templated":true}]}}