{"id":51657,"date":"2019-08-14T06:00:00","date_gmt":"2019-08-14T10:00:00","guid":{"rendered":"https:\/\/linitiative.ca\/International\/ferhat-evoque-son-souhait-de-retrouver-les-verts\/"},"modified":"2019-08-14T06:00:00","modified_gmt":"2019-08-14T10:00:00","slug":"ferhat-evoque-son-souhait-de-retrouver-les-verts","status":"publish","type":"post","link":"https:\/\/linitiative.ca\/International\/ferhat-evoque-son-souhait-de-retrouver-les-verts\/","title":{"rendered":"Ferhat \u00e9voque son souhait de retrouver les Verts"},"content":{"rendered":"<p>Le joueur alg\u00e9rien de N\u00eemes, Zinedine Ferhat, affirme qu\u2019il travaille dur pour retrouver la s\u00e9lection nationale.<br \/>\u00abMon objectif est de vite retourner dans le groupe EN, je f\u00e9licite d&rsquo;ailleurs tout le peuple pour le troph\u00e9e que les joueurs ont remport\u00e9, je vais tout donner durant cette saison pour avoir une place. Je sais qu&rsquo;il y a de la concurrence et qu&rsquo;il y a plusieurs bons joueurs mais je ne vais rien l\u00e2cher pour \u00eatre dans la liste du s\u00e9lectionneur Djamel Belmadi\u00bb, a d\u00e9clar\u00e9 l\u2019ancien ailier droit de l\u2019USM Alger qui n\u2019a pas \u00e9t\u00e9 retenu par le s\u00e9lectionneur national pour la derni\u00e8re Coupe d\u2019Afrique des nations (CAN-2019), remport\u00e9e par les Verts en Egypte. Des d\u00e9clarations faites \u00e0 l\u2019issue de la d\u00e9faite de son \u00e9quipe de N\u00eemes devant le Paris Saint-Germain (3-0) en match de la premi\u00e8re journ\u00e9e de Ligue 1. Ferhat, qui a rejoint N\u00eemes Olympique cette saison, affirme que son \u00e9quipe retrouvera son rythme au fil des journ\u00e9es. \u00abCe n\u2019est pas facile de d\u00e9marrer la saison face \u00e0 une grande \u00e9quipe telle le PSG. On aurait aim\u00e9 jouer cette \u00e9quipe au milieu de la saison, mais c\u2019est le calendrier. Ce n\u2019est que la premi\u00e8re sortie de la saison. On t\u00e2chera de r\u00e9ussir notre parcours en d\u00e9pit du d\u00e9part de plusieurs \u00e9l\u00e9ments durant l\u2019intersaison\u00bb, explique l\u2019ancien Havrais qui a fait ses grands d\u00e9buts en Ligue 1 avec N\u00eemes.<br \/>Ah. A.<\/p>\n<p><strong>Signature imminente de Benseba\u00efni \u00e0 Monchengladbach<\/strong><br \/>Le d\u00e9fenseur international alg\u00e9rien du Stade rennais, Ramy Benseba\u00efni, \u00e9tait attendu hier apr\u00e8s-midi en Allemagne pour passer sa visite m\u00e9dicale en vue de son engagement avec le Borussia Monchengladbach, a annonc\u00e9 hier mardi le site sp\u00e9cialis\u00e9 Goal qui a pr\u00e9cis\u00e9 que le joueur polyvalent de l&rsquo;\u00e9quipe nationale ne s&rsquo;est pas pr\u00e9sent\u00e9 \u00e0 l&rsquo;entra\u00eenement mardi matin avec la formation rennaise. Selon les m\u00e9dias fran\u00e7ais, le club allemand, 5e au classement final de Bundesliga la saison derni\u00e8re, a propos\u00e9 10 millions d\u2019euros au Stade rennais pour s\u2019attacher les services de Ramy Benseba\u00efni, dont le contrat avec le club breton court encore jusqu&rsquo;en 2020. Le pr\u00e9sident de Rennes, Olivier L\u00e9tang, a confirm\u00e9 jeudi dernier sur RMC Sport, un possible d\u00e9part de Benseba\u00efni, apr\u00e8s une saison plus que positive avec son club, conclue par une Coupe de France remport\u00e9e aux d\u00e9pens du Paris SG (2-2, aux t.a.b : 6-5). \u00abIl y a des offres pour Ramy Benseba\u00efni en provenance d\u2019un club allemand. Nous ne sommes pas loin d\u2019un accord. Apr\u00e8s, ce sera sa d\u00e9cision\u00bb, a-t-il indiqu\u00e9. Benseba\u00efni (24 ans), pur produit de l\u2019Acad\u00e9mie Jean-Marc Guillou (JMG) du Paradou AC, avait rejoint le club breton en 2016 apr\u00e8s avoir jou\u00e9 \u00e0 titre de pr\u00eat d\u2019abord \u00e0 Lierse SK (Belgique) puis \u00e0 Montpellier (France). Il figurait dans l\u2019\u00e9quipe-type de l&rsquo;Alg\u00e9rie, championne d\u2019Afrique \u00e0 la derni\u00e8re CAN-2019 disput\u00e9e en Egypte (21 juin &#8211; 19 juillet).<\/p>\n<p><strong>Boudebouz : \u00abau Betis S\u00e9ville, je ne jouais pas \u00e0 mon poste habituel\u00bb<\/strong><br \/>L&rsquo;international Alg\u00e9rien Ryad Boudebouz, nouvelle recrue de l&rsquo;AS Saint-Etienne, a estim\u00e9 que son insucc\u00e8s avec le B\u00e9tis S\u00e9ville s&rsquo;expliquait, entre autres, par son \u00e9volution \u00e0 un poste qui ne lui \u00e9tait pas commode. \u00abAvant de signer au B\u00e9tis, on m\u2019avait dit que je jouerais en 8 ou en 10 mais d\u00e8s les premiers matchs, j\u2019ai jou\u00e9 \u00e0 droite. Je peux le faire, je suis polyvalent. Mais l\u00e0 o\u00f9 je me sens mieux, c\u2019est dans l\u2019axe. Je peux mieux donner de bons ballons\u00bb, a indiqu\u00e9 Boudebouz au journal sp\u00e9cialis\u00e9 L&rsquo;Equipe. De retour en France apr\u00e8s deux saisons pass\u00e9es en Espagne, Ryad Boudebouz a jou\u00e9 et gagn\u00e9 son premier match avec son nouveau club contre Dijon (2-1), avec \u00e0 la cl\u00e9 une passe d\u00e9cisive. Chez les Verts de Saint-Etienne, o\u00f9 il a sign\u00e9 jusqu&rsquo;en 2022, le milieu de terrain alg\u00e9rien est coach\u00e9 par son ancien entra\u00eeneur \u00e0 Bastia, Ghislain Printant qui essayera de lui permettre de retrouver la confiance perdue en Espagne. \u00abJ&rsquo;adore mon m\u00e9tier et je ne l\u2019arr\u00eaterai pas tant que je n\u2019aurai pas ma dose. Et je suis loin de l\u2019avoir. Cette passion m\u2019a pouss\u00e9 \u00e0 commettre une erreur au B\u00e9tis. Je suis arriv\u00e9 bless\u00e9 (une entorse du ligament interne du genou gauche). Comme je n\u2019avais jamais \u00e9t\u00e9 plus heureux dans ma vie que lors de ma derni\u00e8re saison \u00e0 Montpellier, quand je prenais du plaisir en souffrant sur le terrain, j\u2019avais trop envie de jouer. J\u2019ai repris plus t\u00f4t que pr\u00e9vu, au bout de sept semaines au lieu de douze. Et j\u2019ai tra\u00een\u00e9 \u00e7a toute la saison\u00bb, a expliqu\u00e9 Ryad Boudebouz. Ces d\u00e9boires lui ont co\u00fbt\u00e9 m\u00eame sa place en s\u00e9lection alg\u00e9rienne et priv\u00e9 de la Coupe d&rsquo;Afrique des nations que ses compatriotes ont remport\u00e9e avec brio, en Egypte, apr\u00e8s un parcours sans faute et une finale gagn\u00e9e face au S\u00e9n\u00e9gal (1-0).<\/p>\n<p><strong>Feghouli subit une intervention chirurgicale<\/strong><br \/>Sofiane Feghouli, qui apr\u00e8s avoir remport\u00e9 la supercoupe de la Turquie le 7 ao\u00fbt courant avec Galatasaray, sera absent des terrains pour quelques jours suite \u00e0 son intervention chirurgicale. En effet, souffrant depuis quelque temps de douleurs aux reins, le champion d\u2019Afrique avec les Verts de 29 ans a \u00e9t\u00e9 op\u00e9r\u00e9 avec succ\u00e8s au Liv Hospital d\u2019Istanbul. L\u2019op\u00e9ration consistait \u00e0 enlever des calculs r\u00e9naux, origine des douleurs du milieu de terrain alg\u00e9rien. Pour la prochaine rencontre du championnat turc face \u00e0 Denizlispor, l\u2019entra\u00eeneur de Galatasaray va devoir se passer des services de l\u2019ancien joueur du FC Valence.<br \/>Ah. A.<\/p>\n<p>Auteur:<br \/>\n<a href=\"https:\/\/www.lesoirdalgerie.com\/sports\/ferhat-evoque-son-souhait-de-retrouver-les-verts-28555\">Cliquez ici pour lire l&rsquo;article depuis sa source.<\/a><\/p>\n","protected":false},"excerpt":{"rendered":"<p>Le joueur alg\u00e9rien de N\u00eemes, Zinedine Ferhat, affirme qu\u2019il travaille dur pour retrouver la s\u00e9lection nationale.\u00abMon objectif est de vite retourner dans le groupe EN, je f\u00e9licite d&rsquo;ailleurs tout le peuple pour le troph\u00e9e que les joueurs ont remport\u00e9, je vais tout donner durant cette saison pour avoir une place. Je sais qu&rsquo;il y a [&hellip;]<\/p>\n","protected":false},"author":1741,"featured_media":0,"comment_status":"closed","ping_status":"closed","sticky":false,"template":"","format":"standard","meta":{"fifu_image_url":"","fifu_image_alt":"","footnotes":""},"categories":[73,53],"tags":[],"class_list":["post-51657","post","type-post","status-publish","format-standard","hentry","category-actualite","category-algerie"],"_links":{"self":[{"href":"https:\/\/linitiative.ca\/International\/wp-json\/wp\/v2\/posts\/51657","targetHints":{"allow":["GET"]}}],"collection":[{"href":"https:\/\/linitiative.ca\/International\/wp-json\/wp\/v2\/posts"}],"about":[{"href":"https:\/\/linitiative.ca\/International\/wp-json\/wp\/v2\/types\/post"}],"author":[{"embeddable":true,"href":"https:\/\/linitiative.ca\/International\/wp-json\/wp\/v2\/users\/1741"}],"replies":[{"embeddable":true,"href":"https:\/\/linitiative.ca\/International\/wp-json\/wp\/v2\/comments?post=51657"}],"version-history":[{"count":0,"href":"https:\/\/linitiative.ca\/International\/wp-json\/wp\/v2\/posts\/51657\/revisions"}],"wp:attachment":[{"href":"https:\/\/linitiative.ca\/International\/wp-json\/wp\/v2\/media?parent=51657"}],"wp:term":[{"taxonomy":"category","embeddable":true,"href":"https:\/\/linitiative.ca\/International\/wp-json\/wp\/v2\/categories?post=51657"},{"taxonomy":"post_tag","embeddable":true,"href":"https:\/\/linitiative.ca\/International\/wp-json\/wp\/v2\/tags?post=51657"}],"curies":[{"name":"wp","href":"https:\/\/api.w.org\/{rel}","templated":true}]}}