{"id":51659,"date":"2019-08-14T06:00:00","date_gmt":"2019-08-14T10:00:00","guid":{"rendered":"https:\/\/linitiative.ca\/International\/magra-a-setif-et-le-cabba-a-bejaia\/"},"modified":"2019-08-14T06:00:00","modified_gmt":"2019-08-14T10:00:00","slug":"magra-a-setif-et-le-cabba-a-bejaia","status":"publish","type":"post","link":"https:\/\/linitiative.ca\/International\/magra-a-setif-et-le-cabba-a-bejaia\/","title":{"rendered":"Magra \u00e0 S\u00e9tif et le CABBA \u00e0 B\u00e9ja\u00efa ?"},"content":{"rendered":"<p>Le championnat professionnel de Ligue 1 n\u2019ayant pas encore d\u00e9marr\u00e9 que la Ligue de football professionnel (LFP) apporte d\u00e9j\u00e0 des changements de domiciliation et d\u2019horaire de certaines rencontres de la premi\u00e8re journ\u00e9e.<br \/>Ainsi, la LFP a attendu mardi pour domicilier la rencontre NC Magra \u2013 ASO Chlef, qui se d\u00e9roulera finalement au stade du 8-Mai 1945 de S\u00e9tif, jeudi. Non seulement le NCM est toujours sous le coup de la suspension de la commission de discipline de la LFP, sanctionn\u00e9 pour quatre matchs \u00e0 huis-clos dont deux en d\u00e9placement suite aux incidents qui ont \u00e9maill\u00e9 la rencontre NCM-MCS de la 27e journ\u00e9e de Ligue 2, mais le stade communal de Magra n\u2019est pas homologu\u00e9 pour les rencontres de Ligue 1. Et si la LFP avait domicili\u00e9 la rencontre NCM-JSMS de la 29e journ\u00e9e de Ligue 2 de la saison derni\u00e8re au stade du 20-Ao\u00fbt 1955 de Bordj Bou-Arr\u00e9ridj disput\u00e9e le 28 avril dernier, pour la premi\u00e8re journ\u00e9e de Ligue 1 de cette saison, le stade de BBA n\u2019est jusqu\u2019\u00e0 pr\u00e9sent pas homologu\u00e9. D\u2019ailleurs, la confrontation CABBA-CR Belouizdad de la premi\u00e8re journ\u00e9e a \u00e9t\u00e9 d\u00e9localis\u00e9e au stade de l\u2019Unit\u00e9 maghr\u00e9bine de Beja\u00efa \u00e0 cause des travaux toujours en cours au stade de BBA. Et m\u00eame lorsque le NCM aura purg\u00e9 sa suspension lors de la 3e journ\u00e9e face \u00e0 l\u2019USM Bel-Abb\u00e8s, l\u2019\u00e9quipe locale devra proposer un stade ad\u00e9quat pour ses rencontres \u00e0 domicile, probablement celui de S\u00e9tif.<\/p>\n<p><strong>Modification d\u2019horaire de trois rencontres<br \/><\/strong> La ligue de football professionnel (LFP) annonce avoir r\u00e9am\u00e9nag\u00e9 les horaires de trois rencontres de la premi\u00e8re journ\u00e9e de Ligue 1. Il s\u2019agit des rencontres CA Bordj Bou-Arr\u00e9ridj &#8211; CR Belouizdad programm\u00e9e \u00e0 21h30 au lieu de 20h, MC Alger-AS Ain M\u2019lila \u00e0 21h au lieu de 20h30 et MC Oran-USM Bel-Abb\u00e8s \u00e0 20h45 au lieu de 20h30. C\u2019est \u00e0 la demande de l&rsquo;Entreprise de T\u00e9l\u00e9vision Nationale (EPTV), que la LFP a proc\u00e9d\u00e9 \u00e0 ces changements d\u2019horaire.<br \/>Ah. A.<\/p>\n<p>Auteur:<br \/>\n<a href=\"https:\/\/www.lesoirdalgerie.com\/sports\/magra-a-setif-et-le-cabba-a-bejaia-28553\">Cliquez ici pour lire l&rsquo;article depuis sa source.<\/a><\/p>\n","protected":false},"excerpt":{"rendered":"<p>Le championnat professionnel de Ligue 1 n\u2019ayant pas encore d\u00e9marr\u00e9 que la Ligue de football professionnel (LFP) apporte d\u00e9j\u00e0 des changements de domiciliation et d\u2019horaire de certaines rencontres de la premi\u00e8re journ\u00e9e.Ainsi, la LFP a attendu mardi pour domicilier la rencontre NC Magra \u2013 ASO Chlef, qui se d\u00e9roulera finalement au stade du 8-Mai 1945 [&hellip;]<\/p>\n","protected":false},"author":1741,"featured_media":0,"comment_status":"closed","ping_status":"closed","sticky":false,"template":"","format":"standard","meta":{"fifu_image_url":"","fifu_image_alt":"","footnotes":""},"categories":[73,53],"tags":[],"class_list":["post-51659","post","type-post","status-publish","format-standard","hentry","category-actualite","category-algerie"],"_links":{"self":[{"href":"https:\/\/linitiative.ca\/International\/wp-json\/wp\/v2\/posts\/51659","targetHints":{"allow":["GET"]}}],"collection":[{"href":"https:\/\/linitiative.ca\/International\/wp-json\/wp\/v2\/posts"}],"about":[{"href":"https:\/\/linitiative.ca\/International\/wp-json\/wp\/v2\/types\/post"}],"author":[{"embeddable":true,"href":"https:\/\/linitiative.ca\/International\/wp-json\/wp\/v2\/users\/1741"}],"replies":[{"embeddable":true,"href":"https:\/\/linitiative.ca\/International\/wp-json\/wp\/v2\/comments?post=51659"}],"version-history":[{"count":0,"href":"https:\/\/linitiative.ca\/International\/wp-json\/wp\/v2\/posts\/51659\/revisions"}],"wp:attachment":[{"href":"https:\/\/linitiative.ca\/International\/wp-json\/wp\/v2\/media?parent=51659"}],"wp:term":[{"taxonomy":"category","embeddable":true,"href":"https:\/\/linitiative.ca\/International\/wp-json\/wp\/v2\/categories?post=51659"},{"taxonomy":"post_tag","embeddable":true,"href":"https:\/\/linitiative.ca\/International\/wp-json\/wp\/v2\/tags?post=51659"}],"curies":[{"name":"wp","href":"https:\/\/api.w.org\/{rel}","templated":true}]}}