{"id":51661,"date":"2019-08-14T05:41:23","date_gmt":"2019-08-14T09:41:23","guid":{"rendered":"https:\/\/linitiative.ca\/International\/8-mai-2003-naissance-du-prince-heritier\/"},"modified":"2019-08-14T05:41:23","modified_gmt":"2019-08-14T09:41:23","slug":"8-mai-2003-naissance-du-prince-heritier","status":"publish","type":"post","link":"https:\/\/linitiative.ca\/International\/8-mai-2003-naissance-du-prince-heritier\/","title":{"rendered":"8 mai 2003 : Naissance du prince h\u00e9ritier"},"content":{"rendered":"<p>Ce jour-l\u00e0, le minist\u00e8re de la Maison Royale, du Protocole et de la Chancellerie annonce la naissance du Prince H\u00e9ritier, que le Souverain choisit de baptiser du pr\u00e9nom de son propre p\u00e8re, Feu le Roi Hassan II.<\/p>\n<div class=\"c10\"\/>\n<p><strong>Un Hors-s\u00e9rie exceptionnel du magazine Challenge \u00ab\u00a0Les 20 ans qui ont fond\u00e9 le Maroc de demain\u00a0\u00bb est en vente en kiosque.<\/strong><\/p>\n<p><img decoding=\"async\" src=\"https:\/\/www.challenge.ma\/wp-content\/uploads\/2019\/07\/Challenge-707-hors-serie.jpg\" alt=\"\" class=\"wp-image-114125\" srcset=\"https:\/\/www.challenge.ma\/wp-content\/uploads\/2019\/07\/Challenge-707-hors-serie.jpg 758w, https:\/\/www.challenge.ma\/wp-content\/uploads\/2019\/07\/Challenge-707-hors-serie-227x300.jpg 227w, https:\/\/www.challenge.ma\/wp-content\/uploads\/2019\/07\/Challenge-707-hors-serie-360x475.jpg 360w, https:\/\/www.challenge.ma\/wp-content\/uploads\/2019\/07\/Challenge-707-hors-serie-750x989.jpg 750w\" sizes=\"(max-width: 758px) 100vw, 758px\"\/><\/p>\n<div class=\"c17\">\n<fieldset class=\"c16\">\n<legend><strong><span class=\"c11\">Challenge<\/span><span class=\"c12\">news<\/span><\/strong><\/legend>\n<div class=\"c15\">Le meilleur de la r\u00e9daction s\u00e9lectionn\u00e9 par Challenge :<\/p>\n<\/div>\n<\/fieldset>\n<\/div>\n<p>Auteur: challenge<br \/>\n<a href=\"https:\/\/www.challenge.ma\/8-mai-2003-naissance-du-prince-heritier-114560\/\">Cliquez ici pour lire l&rsquo;article depuis sa source.<\/a><\/p>\n","protected":false},"excerpt":{"rendered":"<p>Ce jour-l\u00e0, le minist\u00e8re de la Maison Royale, du Protocole et de la Chancellerie annonce la naissance du Prince H\u00e9ritier, que le Souverain choisit de baptiser du pr\u00e9nom de son propre p\u00e8re, Feu le Roi Hassan II. Un Hors-s\u00e9rie exceptionnel du magazine Challenge \u00ab\u00a0Les 20 ans qui ont fond\u00e9 le Maroc de demain\u00a0\u00bb est en [&hellip;]<\/p>\n","protected":false},"author":1787,"featured_media":51662,"comment_status":"closed","ping_status":"closed","sticky":false,"template":"","format":"standard","meta":{"fifu_image_url":"","fifu_image_alt":"","footnotes":""},"categories":[78,54],"tags":[],"class_list":["post-51661","post","type-post","status-publish","format-standard","has-post-thumbnail","hentry","category-economie","category-maroc"],"_links":{"self":[{"href":"https:\/\/linitiative.ca\/International\/wp-json\/wp\/v2\/posts\/51661","targetHints":{"allow":["GET"]}}],"collection":[{"href":"https:\/\/linitiative.ca\/International\/wp-json\/wp\/v2\/posts"}],"about":[{"href":"https:\/\/linitiative.ca\/International\/wp-json\/wp\/v2\/types\/post"}],"author":[{"embeddable":true,"href":"https:\/\/linitiative.ca\/International\/wp-json\/wp\/v2\/users\/1787"}],"replies":[{"embeddable":true,"href":"https:\/\/linitiative.ca\/International\/wp-json\/wp\/v2\/comments?post=51661"}],"version-history":[{"count":0,"href":"https:\/\/linitiative.ca\/International\/wp-json\/wp\/v2\/posts\/51661\/revisions"}],"wp:featuredmedia":[{"embeddable":true,"href":"https:\/\/linitiative.ca\/International\/wp-json\/"}],"wp:attachment":[{"href":"https:\/\/linitiative.ca\/International\/wp-json\/wp\/v2\/media?parent=51661"}],"wp:term":[{"taxonomy":"category","embeddable":true,"href":"https:\/\/linitiative.ca\/International\/wp-json\/wp\/v2\/categories?post=51661"},{"taxonomy":"post_tag","embeddable":true,"href":"https:\/\/linitiative.ca\/International\/wp-json\/wp\/v2\/tags?post=51661"}],"curies":[{"name":"wp","href":"https:\/\/api.w.org\/{rel}","templated":true}]}}