{"id":51696,"date":"2019-08-14T03:35:27","date_gmt":"2019-08-14T07:35:27","guid":{"rendered":"https:\/\/linitiative.ca\/International\/par-dieudonne-mvouin-les-accords-de-partenariat-economique-ape-vus-sous-le-prisme-de-la-grande-coulisse-mondiale\/"},"modified":"2019-08-14T03:35:27","modified_gmt":"2019-08-14T07:35:27","slug":"par-dieudonne-mvouin-les-accords-de-partenariat-economique-ape-vus-sous-le-prisme-de-la-grande-coulisse-mondiale","status":"publish","type":"post","link":"https:\/\/linitiative.ca\/International\/par-dieudonne-mvouin-les-accords-de-partenariat-economique-ape-vus-sous-le-prisme-de-la-grande-coulisse-mondiale\/","title":{"rendered":"Par Dieudonn\u00e9 MVOUIN* \u2013 Les accords de partenariat economique (ape) vus sous le prisme de la grande coulisse mondiale"},"content":{"rendered":"<p><a href=\"https:\/\/i0.wp.com\/ecomatin.net\/wp-content\/uploads\/2019\/08\/ecomatin.net-par-xavier-messe-les-accords-de-partenariat-economique-ape-vus-sous-le-prisme-de-la-grande-coulisse-mondiale-dieudonne-mvouin-page-1.jpeg?ssl=1\"><\/p>\n<p><img loading=\"lazy\" decoding=\"async\" data-attachment-id=\"10591\" data-permalink=\"https:\/\/ecomatin.net\/par-xavier-messe-les-accords-de-partenariat-economique-ape-vus-sous-le-prisme-de-la-grande-coulisse-mondiale\/dieudonne-mvouin-page-1\/\" data-orig-file=\"https:\/\/i0.wp.com\/ecomatin.net\/wp-content\/uploads\/2019\/08\/ecomatin.net-par-xavier-messe-les-accords-de-partenariat-economique-ape-vus-sous-le-prisme-de-la-grande-coulisse-mondiale-dieudonne-mvouin-page-1.jpeg?fit=521%2C619&#038;ssl=1\" data-orig-size=\"521,619\" data-comments-opened=\"0\" data-image-meta=\"{\"aperture\":\"0\",\"credit\":\"\",\"camera\":\"\",\"caption\":\"\",\"created_timestamp\":\"0\",\"copyright\":\"\",\"focal_length\":\"0\",\"iso\":\"0\",\"shutter_speed\":\"0\",\"title\":\"\",\"orientation\":\"1\"}\" data-image-title=\"Dieudonn\u00e9 Mvouin-Page-1\" data-image-description=\"\" data-medium-file=\"https:\/\/i0.wp.com\/ecomatin.net\/wp-content\/uploads\/2019\/08\/ecomatin.net-par-xavier-messe-les-accords-de-partenariat-economique-ape-vus-sous-le-prisme-de-la-grande-coulisse-mondiale-dieudonne-mvouin-page-1.jpeg?fit=253%2C300&#038;ssl=1\" data-large-file=\"https:\/\/i0.wp.com\/ecomatin.net\/wp-content\/uploads\/2019\/08\/ecomatin.net-par-xavier-messe-les-accords-de-partenariat-economique-ape-vus-sous-le-prisme-de-la-grande-coulisse-mondiale-dieudonne-mvouin-page-1.jpeg?fit=521%2C619&#038;ssl=1\" class=\" wp-image-10591 alignleft\" src=\"https:\/\/i0.wp.com\/ecomatin.net\/wp-content\/uploads\/2019\/08\/ecomatin.net-par-xavier-messe-les-accords-de-partenariat-economique-ape-vus-sous-le-prisme-de-la-grande-coulisse-mondiale-dieudonne-mvouin-page-1.jpeg?resize=151%2C180&#038;ssl=1\" alt=\"\" width=\"151\" height=\"180\" srcset=\"https:\/\/i0.wp.com\/ecomatin.net\/wp-content\/uploads\/2019\/08\/ecomatin.net-par-xavier-messe-les-accords-de-partenariat-economique-ape-vus-sous-le-prisme-de-la-grande-coulisse-mondiale-dieudonne-mvouin-page-1.jpeg?w=521&#038;ssl=1 521w, https:\/\/i0.wp.com\/ecomatin.net\/wp-content\/uploads\/2019\/08\/ecomatin.net-par-xavier-messe-les-accords-de-partenariat-economique-ape-vus-sous-le-prisme-de-la-grande-coulisse-mondiale-dieudonne-mvouin-page-1.jpeg?resize=253%2C300&#038;ssl=1 253w\" sizes=\"auto, (max-width: 151px) 100vw, 151px\" data-recalc-dims=\"1\"\/><\/p>\n<p><\/a>De nombreux pays sont entr\u00e9s dans un processus d\u2019int\u00e9gration et d\u2019ouverture g\u00e9n\u00e9rale \u00e0 la communaut\u00e9 internationale. Ce processus s\u2019appelle la mondialisation. Le concept de mondialisation est li\u00e9 aux accords du GATT (<strong>General Agreement on Tariffs and Trade<\/strong>) de 1947 et de l\u2019OMC (<strong>Organisation Mondiale du Commerce<\/strong>) de Janvier 1995. L\u2019un des objectifs majeur de l\u2019OMC est d\u2019accro\u00eetre le commerce mondial. Cette volont\u00e9 se manifeste \u00e0 travers les <strong>Accords de Partenariat Economique<\/strong> (APE),\u00a0entre <strong>l\u2019Union\u00a0 Europ\u00e9enne<\/strong>(UE) et les pays \u2013 <strong>Afrique Cara\u00efbes et Pacifique<\/strong> (ACP).<\/p>\n<p>Cependant, de l\u2019avis de nombreux observateurs, la promesse faite aux pays pauvres que les march\u00e9s du Nord s\u2019ouvriront \u00e0 leurs\u00a0 exportations\u00a0 se r\u00e9v\u00e8le \u00eatre un march\u00e9 de dupes. Selon une \u00e9tude du <strong>Centre Africain de Politique Commerciale<\/strong>, les APE fragilisent le tissu productif local des pays moins avanc\u00e9s par le dumping sans pour autant am\u00e9liorer l\u2019accessibilit\u00e9 de leurs produits aux march\u00e9s ext\u00e9rieurs. Les exportateurs des pays industrialis\u00e9s profitent de ces accords pour ouvrir les fronti\u00e8res et envahir les march\u00e9s locaux avec des produits subventionn\u00e9s tout en bafouant les normes sanitaires et environnementales. En m\u00eame temps, ils r\u00e9ussissent \u00e0 maintenir des barri\u00e8res non tarifaires pour prot\u00e9ger leurs march\u00e9s int\u00e9rieurs.<\/p>\n<hr\/>\n<h4><strong>>> Lire aussi \u2013 <a title=\"Recettes douani\u00e8res : le montant vis\u00e9 pas atteint au premier semestre 2019\" href=\"https:\/\/ecomatin.net\/recettes-douanieres-le-montant-vise-pas-atteint-au-premier-semestre-2019\/\" target=\"_blank\" rel=\"noopener noreferrer\">Recettes douani\u00e8res : le montant vis\u00e9 pas atteint au premier semestre 2019<\/a><br \/><\/strong><\/h4>\n<hr\/>\n<p>En d\u00e9pit de ces effets n\u00e9fastes sur les industries locales, les thurif\u00e9raires du libre-\u00e9change (<strong>Fond Mon\u00e9taire Internationale, Banque Mondiale, Organisation Mondiale du Commerce et l\u2019Union Europ\u00e9enne<\/strong>) soutiennent que l\u2019application effective des APE\u00a0est une aubaine pour les pays ACP.<\/p>\n<p>Nos dirigeants n\u2019ont parfois gu\u00e8re d\u2019autres options que de se soumettre aux exigences de la communaut\u00e9 internationale. En \u00a0effet, le contenu et le style de la politique internationale sont influenc\u00e9s par les pays occidentaux qui ont acquis historiquement, une tr\u00e8s grande domination politique et\/ou \u00e9conomique sur les pays africains. En outre, selon <strong>Yann Moncomble<\/strong>, auteur de \u00ab\u00a0<em>les Secrets du Mondialisme<\/em>\u00a0\u00bb, tous les Etats de ce si\u00e8cle, m\u00eame les plus d\u00e9velopp\u00e9s \u00a0ne sont plus ma\u00eetres de leur destin\u00e9e. Les nations souveraines sont r\u00e9duites \u00e0 un simulacre de repr\u00e9sentation nationale par des organisations secr\u00e8tes, des associations, des lobbies, des clubs, des mouvements et officines occultes, se r\u00e9clamant du mondialisme qui ont en main les leviers \u00e9conomiques et mon\u00e9taires et agissent dans l\u2019ombre. Ces groupes \u00e9litistes, ultra puissants bien introduits dans les milieux les plus divers de la haute finance internationale, de la politique et de l\u2019\u00e9conomie mondiale, sont des v\u00e9ritables tireurs de ficelles qui exercent une influence souvent consid\u00e9rable sur nos Chefs d\u2019Etats et de gouvernement. C\u2019est la Grande Coulisse Mondiale ou super classe invisible dont la Commission Trilat\u00e9rale serait l\u2019une des organisations la plus active et qui \u0153uvre en faveur d\u2019une gouvernance mondiale en proc\u00e9dant par \u00e9tape.<\/p>\n<p>C\u2019est en1973 au Japon que ce think-tank (club de r\u00e9flexion) fut cr\u00e9e par les partisans de la\u00a0<a href=\"https:\/\/explicithistoire.wordpress.com\/2014\/07\/03\/les-dessous-du-mondialisme\/\">doctrine mondialiste<\/a> du <a href=\"https:\/\/explicithistoire.wordpress.com\/2015\/02\/15\/les-dessous-du-groupe-bilderberg\/\"><strong>Groupe Bilderberg<\/strong><\/a>\u00a0et du\u00a0<a href=\"https:\/\/explicithistoire.wordpress.com\/2016\/12\/13\/les-dessous-du-cfr-council-on-foreign-relations\/\"><strong>Council on Foreign Relations<\/strong><\/a> (CFR), dont les principaux dirigeants \u00e9taient <a href=\"https:\/\/fr.wikipedia.org\/wiki\/David_Rockefeller\"><strong>David Rockefeller<\/strong><\/a>,\u00a0<a href=\"https:\/\/fr.wikipedia.org\/wiki\/Henry_Kissinger\"><strong>Henry Kissinger<\/strong><\/a>\u00a0et\u00a0<a href=\"https:\/\/fr.wikipedia.org\/wiki\/Zbigniew_Brzezinski\"><strong>Zbigniew Brzezinski<\/strong><\/a><strong>.<\/strong> C\u2019est un club constitu\u00e9 de 300 \u00e0 400 personnalit\u00e9s les plus influentes du monde rassemblant des politiciens, hommes d\u2019affaires, intellectuels, financiers, hommes de medias, tous originaires de l\u2019Europe occidentale, d\u2019Am\u00e9rique du Nord et du Japon. Aujourd\u2019hui,\u00a0 le Groupe japonais s\u2019est transform\u00e9 en Groupe Asie-Pacifique, incluant la Chine et l\u2019Inde, tandis que le Mexique a rejoint le Groupe Am\u00e9rique du Nord. Quant au Groupe Europe, il continue d\u2019augmenter avec l\u2019\u00e9largissement de l\u2019Union Europ\u00e9enne.<\/p>\n<hr\/>\n<h4><strong>>> Lire aussi \u2013 <a title=\"Ape Cameroun-Union europ\u00e9enne : La question des r\u00e8gles d\u2019origine de nouveau sur la table\" href=\"https:\/\/ecomatin.net\/ape-cameroun-union-europeenne-la-question-des-regles-dorigine-de-nouveau-sur-la-table\/\" target=\"_blank\" rel=\"noopener noreferrer\">Ape Cameroun-Union europ\u00e9enne : La question des r\u00e8gles d\u2019origine de nouveau sur la table<\/a><br \/><\/strong><\/h4>\n<hr\/>\n<p>Selon <strong>Pierre de Villemarest<\/strong>, un ancien des services de contre-espionnage Fran\u00e7ais, \u00e9crivain et journaliste, sp\u00e9cialiste des relations internationales, l\u2019objectif initial de la Commission Trilat\u00e9rale \u00e9tait d\u2019une part, de promouvoir et construire une coop\u00e9ration politique et \u00e9conomique entre trois grands ensembles \u00e9conomiques dans le monde (Am\u00e9rique du Nord, l\u2019Europe et Japon)et d\u2019autre part, de contr\u00f4ler tout ce qui est\u00a0 recherche, exploitation et r\u00e9partition des mati\u00e8res premi\u00e8res dans le monde afin de constituer trois moteurs industriels: le moteur industriel panam\u00e9ricain (Etats-Unis et Canada), le moteur industriel Japonais et enfin le moteur industriel paneurop\u00e9en incluant la Russie. Ces trois grands ensembles industriels\u00a0 compteraient seulement 200 \u00e0 300 multinationales drainant derri\u00e8re elles nos entreprises qui seraient des simple sous-traitants, et donc aux ordres. Le r\u00f4le des membres de la Commission Trilat\u00e9rale \u00e0 la t\u00eate des grands organismes internationaux tels l\u2019ONU, le FMI, la Commission Europ\u00e9enne, la Banque Mondiale ou encore l\u2019OMC est de mener \u00e0 bien cette ambition.<\/p>\n<hr\/>\n<h4><strong>>> Lire aussi \u2013 <a title=\"APE: le Cameroun tente d\u2019anticiper les cons\u00e9quences du Brexit\" href=\"https:\/\/ecomatin.net\/accord-de-partenariat-economique-le-cameroun-tente-danticiper-les-consequences-du-brexit\/\" target=\"_blank\" rel=\"noopener noreferrer\">APE: le Cameroun tente d\u2019anticiper les cons\u00e9quences du Brexit<\/a><br \/><\/strong><\/h4>\n<hr\/>\n<p>Fort de ce constat \u00a0les Accords de Partenariat Economique UE \u2013 ACP, vus sous le prisme de la Grande Coulisse Mondiale, font figure d\u2019instruments de domination pour p\u00e9renniser la d\u00e9pendance \u00e9conomique des pays pauvres et garantir les int\u00e9r\u00eats des multinationales des pays riches. Ces accords interpellent les secteurs public et priv\u00e9 des pays ACP \u00e0 une\u00a0 meilleure\u00a0 collaboration hors des plates formes de dialogue d\u00e9finies par les institutions \u00e9conomiques mondiales afin de repenser\u00a0 des strat\u00e9gies plus efficaces pour la survie des industries locales.<\/p>\n<p>Suite \u00e0 la\u00a0 mise en \u0153uvre effective du d\u00e9mant\u00e8lement des protections douani\u00e8res Camerounaises, nos entreprises seront dans l\u2019obligation de baisser leurs\u00a0 prix pour se maintenir sur le march\u00e9. Face \u00e0 la puissance et l\u2019efficacit\u00e9 industrielle europ\u00e9enne, il serait judicieux pour les industriels locaux de pratiquer activement la veille strat\u00e9gique\u00a0 sur le march\u00e9 Europ\u00e9en et de rechercher des partenaires \u00e9trangers susceptibles d\u2019\u00eatre int\u00e9ress\u00e9s par la d\u00e9localisation de leurs op\u00e9rations d\u2019assemblage\/ou unit\u00e9s de production \u00e0 forte valeur ajout\u00e9e et dans lesquelles\u00a0\u00a0 les camerounais d\u00e9tiennent un savoir-faire.<\/p>\n<hr\/>\n<h4><strong>>> Lire aussi \u2013 <a title=\"Mis en place de l\u2019APE : le Cameroun perd 10 milliards FCFA en 4 ans\" href=\"https:\/\/ecomatin.net\/mis-en-place-de-lape-le-cameroun-perd-10-milliards-fcfa-en-4-ans\/\" target=\"_blank\" rel=\"noopener noreferrer\">Mis en place de l\u2019APE : le Cameroun perd 10 milliards FCFA en 4 ans<\/a><br \/><\/strong><\/h4>\n<hr\/>\n<p>L\u2019exemple du Maroc signataire de plusieurs accords de libre \u00e9change avec diff\u00e9rents partenaires dont l\u2019Union europ\u00e9enne devrait inspirer le gouvernement Camerounais. Depuis quelques ann\u00e9es, ce pays s\u2019est tourn\u00e9 vers ses partenaires du continent noir, notamment \u00e0 travers une diplomatie plus active, des \u00e9changes \u00e9conomiques plus denses et le soutient aux champions nationaux pour la conqu\u00eate du march\u00e9 africain estim\u00e9 \u00e0 plus d\u2019un milliard d\u2019habitants avec une croissance moyenne de 5% selon les estimations du FMI.<\/p>\n<p>\u02daINTELMA CONSULTING\/ <strong>SPECIALISTE EN INTELLIGENCE ECONOMIQUE<\/strong><\/p>\n<div class=\"about-author about-author-box container-wrapper\">\n<div class=\"author-avatar\">\n<p><img decoding=\"async\" src=\"http:\/\/\" alt=\"\"\/><\/p>\n<\/div>\n<p><h4>La R\u00e9daction EcoMatin<\/h4>\n<\/p>\n<\/div>\n<div class=\"awac-wrapper awac widget blog_subscription-2\">\n<h4 class=\"widget-title\">Abonnez-vous \u00e0 notre lettre d&rsquo;information<\/h4>\n<\/div>\n<p>Auteur: EcoMatin<br \/>\n<a href=\"https:\/\/ecomatin.net\/par-xavier-messe-les-accords-de-partenariat-economique-ape-vus-sous-le-prisme-de-la-grande-coulisse-mondiale\/\">Cliquez ici pour lire l&rsquo;article depuis sa source.<\/a><\/p>\n","protected":false},"excerpt":{"rendered":"<p>De nombreux pays sont entr\u00e9s dans un processus d\u2019int\u00e9gration et d\u2019ouverture g\u00e9n\u00e9rale \u00e0 la communaut\u00e9 internationale. Ce processus s\u2019appelle la mondialisation. Le concept de mondialisation est li\u00e9 aux accords du GATT (General Agreement on Tariffs and Trade) de 1947 et de l\u2019OMC (Organisation Mondiale du Commerce) de Janvier 1995. L\u2019un des objectifs majeur de l\u2019OMC [&hellip;]<\/p>\n","protected":false},"author":1969,"featured_media":0,"comment_status":"closed","ping_status":"closed","sticky":false,"template":"","format":"standard","meta":{"fifu_image_url":"","fifu_image_alt":"","footnotes":""},"categories":[82,78],"tags":[],"class_list":["post-51696","post","type-post","status-publish","format-standard","hentry","category-cameroun","category-economie"],"_links":{"self":[{"href":"https:\/\/linitiative.ca\/International\/wp-json\/wp\/v2\/posts\/51696","targetHints":{"allow":["GET"]}}],"collection":[{"href":"https:\/\/linitiative.ca\/International\/wp-json\/wp\/v2\/posts"}],"about":[{"href":"https:\/\/linitiative.ca\/International\/wp-json\/wp\/v2\/types\/post"}],"author":[{"embeddable":true,"href":"https:\/\/linitiative.ca\/International\/wp-json\/wp\/v2\/users\/1969"}],"replies":[{"embeddable":true,"href":"https:\/\/linitiative.ca\/International\/wp-json\/wp\/v2\/comments?post=51696"}],"version-history":[{"count":0,"href":"https:\/\/linitiative.ca\/International\/wp-json\/wp\/v2\/posts\/51696\/revisions"}],"wp:attachment":[{"href":"https:\/\/linitiative.ca\/International\/wp-json\/wp\/v2\/media?parent=51696"}],"wp:term":[{"taxonomy":"category","embeddable":true,"href":"https:\/\/linitiative.ca\/International\/wp-json\/wp\/v2\/categories?post=51696"},{"taxonomy":"post_tag","embeddable":true,"href":"https:\/\/linitiative.ca\/International\/wp-json\/wp\/v2\/tags?post=51696"}],"curies":[{"name":"wp","href":"https:\/\/api.w.org\/{rel}","templated":true}]}}