{"id":51697,"date":"2019-08-14T04:11:08","date_gmt":"2019-08-14T08:11:08","guid":{"rendered":"https:\/\/linitiative.ca\/International\/catastrophe-deseka-des-beneficiaires-indignes-par-les-montants-percus\/"},"modified":"2019-08-14T04:11:08","modified_gmt":"2019-08-14T08:11:08","slug":"catastrophe-deseka-des-beneficiaires-indignes-par-les-montants-percus","status":"publish","type":"post","link":"https:\/\/linitiative.ca\/International\/catastrophe-deseka-des-beneficiaires-indignes-par-les-montants-percus\/","title":{"rendered":"Catastrophe d\u2019Eseka : des b\u00e9n\u00e9ficiaires indign\u00e9s par les montants per\u00e7us"},"content":{"rendered":"<div class=\"featured-area featured-area-inner\"><img loading=\"lazy\" decoding=\"async\" width=\"780\" height=\"405\" src=\"https:\/\/i2.wp.com\/ecomatin.net\/wp-content\/uploads\/2019\/08\/ecomatin.net-catastrophe-deseka-des-beneficiaires-indignes-par-les-montants-percus-accident-ferroviere-eseka.jpg?resize=780%2C405&#038;ssl=1&#038;is-pending-load=1\" class=\"attachment-jannah-image-post size-jannah-image-post wp-post-image jetpack-lazy-image\" alt=\"\" data-attachment-id=\"10594\" data-permalink=\"https:\/\/ecomatin.net\/catastrophe-deseka-des-beneficiaires-indignes-par-les-montants-percus\/accident-ferroviere-eseka\/\" data-orig-file=\"https:\/\/i2.wp.com\/ecomatin.net\/wp-content\/uploads\/2019\/08\/ecomatin.net-catastrophe-deseka-des-beneficiaires-indignes-par-les-montants-percus-accident-ferroviere-eseka.jpg?fit=1023%2C578&#038;ssl=1\" data-orig-size=\"1023,578\" data-comments-opened=\"0\" data-image-meta=\"{\"aperture\":\"0\",\"credit\":\"\",\"camera\":\"\",\"caption\":\"\",\"created_timestamp\":\"0\",\"copyright\":\"\",\"focal_length\":\"0\",\"iso\":\"0\",\"shutter_speed\":\"0\",\"title\":\"\",\"orientation\":\"0\"}\" data-image-title=\"accident-ferroviere Eseka\" data-image-description=\"\" data-medium-file=\"https:\/\/i2.wp.com\/ecomatin.net\/wp-content\/uploads\/2019\/08\/ecomatin.net-catastrophe-deseka-des-beneficiaires-indignes-par-les-montants-percus-accident-ferroviere-eseka.jpg?fit=300%2C170&#038;ssl=1\" data-large-file=\"https:\/\/i2.wp.com\/ecomatin.net\/wp-content\/uploads\/2019\/08\/ecomatin.net-catastrophe-deseka-des-beneficiaires-indignes-par-les-montants-percus-accident-ferroviere-eseka.jpg?fit=1023%2C578&#038;ssl=1\" srcset=\"data:image\/gif;base64,R0lGODlhAQABAIAAAAAAAP\/\/\/yH5BAEAAAAALAAAAAABAAEAAAIBRAA7\"\/><\/div>\n<div class=\"entry-content entry clearfix\" readability=\"65.1062611807\">\n<p><strong>S\u00e9raphin Magloire Fouda<\/strong>, Secr\u00e9taire g\u00e9n\u00e9rale des services du Premier ministre a proc\u00e9d\u00e9 vendredi 9 ao\u00fbt \u00e0 la remise des ch\u00e8ques \u00e0 <strong>744 sinistr\u00e9s<\/strong> de la catastrophe d\u2019Eseka. De cette op\u00e9ration, deuxi\u00e8me du genre apr\u00e8s celle d\u2019octobre 2018 surgissent\u00a0 quelques r\u00e9actions. <strong>Michel Ngangue<\/strong>, l\u2019un des b\u00e9n\u00e9ficiaires de la dotation sp\u00e9ciale du chef de l\u2019Etat ne cache pas son mal-\u00eatre \u00ab\u00a0<em>Ce n\u2019est pas logique que certains aient moins de 100 000 FCFA\u00a0<\/em>\u00bb dira-t-il. Il s\u2019interroge sur les bases de redistribution du milliard du Chef de l\u2019Etat. Son cas n\u2019est pas isol\u00e9 Une victime de l\u2019accident ferroviaire d\u2019Eseka affirme \u00ab\u00a0<em>ceux qui ont eu les membres amput\u00e9s ont re\u00e7u 32000 tandis que les autres sortis sains \u00a0ont re\u00e7u 12 millions FCFA. Quelle mis\u00e8re<\/em>\u00a0\u00bb s\u2019indigne-t-elle.<\/p>\n<hr\/>\n<h4><strong>>> Lire aussi \u2013 <a title=\"Catastrophe d\u2019Eseka : 744 bless\u00e9s attendus ce vendredi au Premier minist\u00e8re\" href=\"https:\/\/ecomatin.net\/catastrophe-deseka-744-blesses-attendus-ce-vendredi-au-premier-ministere\/\" target=\"_blank\" rel=\"noopener noreferrer\">Catastrophe d\u2019Eseka : 744 bless\u00e9s attendus ce vendredi au Premier minist\u00e8re<\/a><br \/><\/strong><\/h4>\n<hr\/>\n<p>D\u2019une mani\u00e8re g\u00e9n\u00e9rale, la distribution des ch\u00e8ques a suscit\u00e9 beaucoup de remous dans les rangs. M\u00eame si beaucoup n\u2019ont pas souhait\u00e9 communiqu\u00e9 sur leurs dus, des informations renseignent que les montant variaient entre <strong>30 000 FCFA<\/strong> et <strong>12 millions FCFA.<\/strong><\/p>\n<p>On se souvient que c\u2019est par voie de communiqu\u00e9 que le message a atteint sa cible. <strong>S\u00e9raphin Magloire Fouda<\/strong> SG des Services du Premier ministre, par ailleurs pr\u00e9sident du Comit\u00e9 interminist\u00e9riel charg\u00e9 d\u2019encadrer la r\u00e9partition de la dotation pr\u00e9sidentielle d\u2019un milliard FCFA au titre de l\u2019assistance financi\u00e8re aux victimes de l\u2019accident ferroviaire survenu le 21 octobre 2016, \u00e0 Eseka rappelait\u00a0: \u00a0\u00ab<em>Les int\u00e9ress\u00e9s doivent se munir d\u2019une pi\u00e8ce d\u2019identit\u00e9 en cours de validit\u00e9 (CNI ou passeport), assortie d\u2019une photocopie<\/em>\u00a0\u00bb.\u00a0 Les ayants droit des victimes bless\u00e9es lors dudit accident et d\u00e9c\u00e9d\u00e9es avant la publication de cette liste, devront en outre se munir du jugement d\u2019h\u00e9r\u00e9dit\u00e9 ou proc\u00e8s-verbal du conseil de famille, vis\u00e9 par l\u2019autorit\u00e9 administrative comp\u00e9tente. Il est recommand\u00e9 aux parents des victimes mineures de d\u00e9tenir de toute pi\u00e8ce justifiant leur filiation. Enfin, les mandataires des personnes absentes doivent se munir d\u2019une procuration\u00a0 d\u00fbment sign\u00e9e par l\u2019autorit\u00e9 comp\u00e9tente.<\/p>\n<p>En rappel, le 21 octobre 2016, un train passager de la Cameroon Railways (Camrail), entreprise contr\u00f4l\u00e9e \u00e0 hauteur de 77,4 % par le groupe fran\u00e7ais Bollor\u00e9, bond\u00e9 de passagers en partance de Yaound\u00e9 pour Douala, avait d\u00e9raill\u00e9 \u00e0 Eseka causant officiellement 79 morts et 600 bless\u00e9s. A la suite de cette catastrophe, le pr\u00e9sident de la r\u00e9publique avait instruit l\u2019ouverture d\u2019une enqu\u00eate.<\/p>\n<div class=\"about-author about-author-box container-wrapper\">\n<div class=\"author-avatar\">\n<p><img decoding=\"async\" src=\"http:\/\/\" alt=\"\"\/><\/p>\n<\/div>\n<p><h4>La R\u00e9daction EcoMatin<\/h4>\n<\/p>\n<\/div>\n<div class=\"awac-wrapper awac widget blog_subscription-2\">\n<h4 class=\"widget-title\">Abonnez-vous \u00e0 notre lettre d&rsquo;information<\/h4>\n<\/div>\n<\/div>\n<div class=\"toggle-post-content clearfix\"><a id=\"toggle-post-button\" class=\"button\" href=\"#\">Afficher plus <\/a><\/div>\n<p>Auteur: EcoMatin<br \/>\n<a href=\"https:\/\/ecomatin.net\/catastrophe-deseka-des-beneficiaires-indignes-par-les-montants-percus\/\">Cliquez ici pour lire l&rsquo;article depuis sa source.<\/a><\/p>\n","protected":false},"excerpt":{"rendered":"<p>S\u00e9raphin Magloire Fouda, Secr\u00e9taire g\u00e9n\u00e9rale des services du Premier ministre a proc\u00e9d\u00e9 vendredi 9 ao\u00fbt \u00e0 la remise des ch\u00e8ques \u00e0 744 sinistr\u00e9s de la catastrophe d\u2019Eseka. De cette op\u00e9ration, deuxi\u00e8me du genre apr\u00e8s celle d\u2019octobre 2018 surgissent\u00a0 quelques r\u00e9actions. Michel Ngangue, l\u2019un des b\u00e9n\u00e9ficiaires de la dotation sp\u00e9ciale du chef de l\u2019Etat ne cache [&hellip;]<\/p>\n","protected":false},"author":1969,"featured_media":0,"comment_status":"closed","ping_status":"closed","sticky":false,"template":"","format":"standard","meta":{"fifu_image_url":"","fifu_image_alt":"","footnotes":""},"categories":[82,78],"tags":[],"class_list":["post-51697","post","type-post","status-publish","format-standard","hentry","category-cameroun","category-economie"],"_links":{"self":[{"href":"https:\/\/linitiative.ca\/International\/wp-json\/wp\/v2\/posts\/51697","targetHints":{"allow":["GET"]}}],"collection":[{"href":"https:\/\/linitiative.ca\/International\/wp-json\/wp\/v2\/posts"}],"about":[{"href":"https:\/\/linitiative.ca\/International\/wp-json\/wp\/v2\/types\/post"}],"author":[{"embeddable":true,"href":"https:\/\/linitiative.ca\/International\/wp-json\/wp\/v2\/users\/1969"}],"replies":[{"embeddable":true,"href":"https:\/\/linitiative.ca\/International\/wp-json\/wp\/v2\/comments?post=51697"}],"version-history":[{"count":0,"href":"https:\/\/linitiative.ca\/International\/wp-json\/wp\/v2\/posts\/51697\/revisions"}],"wp:attachment":[{"href":"https:\/\/linitiative.ca\/International\/wp-json\/wp\/v2\/media?parent=51697"}],"wp:term":[{"taxonomy":"category","embeddable":true,"href":"https:\/\/linitiative.ca\/International\/wp-json\/wp\/v2\/categories?post=51697"},{"taxonomy":"post_tag","embeddable":true,"href":"https:\/\/linitiative.ca\/International\/wp-json\/wp\/v2\/tags?post=51697"}],"curies":[{"name":"wp","href":"https:\/\/api.w.org\/{rel}","templated":true}]}}