{"id":51698,"date":"2019-08-14T13:18:05","date_gmt":"2019-08-14T17:18:05","guid":{"rendered":"https:\/\/linitiative.ca\/International\/le-gouvernement-envisage-reduire-les-avantages-fiscaux-attribues-aux-contribuables\/"},"modified":"2019-08-14T13:18:05","modified_gmt":"2019-08-14T17:18:05","slug":"le-gouvernement-envisage-reduire-les-avantages-fiscaux-attribues-aux-contribuables","status":"publish","type":"post","link":"https:\/\/linitiative.ca\/International\/le-gouvernement-envisage-reduire-les-avantages-fiscaux-attribues-aux-contribuables\/","title":{"rendered":"Le gouvernement envisage r\u00e9duire les avantages fiscaux attribu\u00e9s aux contribuables"},"content":{"rendered":"<p>Le Cameroun d\u00e9cide de supprimer des exon\u00e9rations fiscales accord\u00e9es \u00e0 certains secteurs. Les exon\u00e9rations fiscales d\u00e9signent les avantages fiscaux dont peuvent jouir les contribuables (individu, entreprise, m\u00e9nage, etc.) pour diminuer le montant de leur imp\u00f4t, d\u00e8s lors qu\u2019ils remplissent certaines conditions. Cette suppression est la cons\u00e9quence de la d\u00e9cision du gouvernement de r\u00e9duire ses d\u00e9penses fiscales de\u00a0<strong>307,5 milliards<\/strong>\u00a0<strong>de FCFA<\/strong> pour le compte des ann\u00e9es budg\u00e9taires 2019 et 2020<strong>.<\/strong><\/p>\n<p>Selon le <strong>minist\u00e8re des Finances<\/strong> (<strong>Minfi<\/strong>), les premiers secteurs \u00e0 \u00eatre touch\u00e9s seront les importations de poissons congel\u00e9s. Elles devraient perdre \u00e0 terme quelque\u00a0<strong>71 milliards de FCFA<\/strong>\u00a0d\u2019avantages fiscaux en termes de taxe sur la valeur. Des mesures d\u2019encouragement pr\u00e9vues dans des secteurs d\u2019activit\u00e9 comme les importations de farine et de riz, devraient \u00eatre vis\u00e9es avec un total de suppression des d\u00e9penses fiscales de l\u2019ordre de\u00a0<strong>98 milliards de FCFA<\/strong>\u00a0en 2020.<\/p>\n<p>La r\u00e9duction des avantages fiscaux fait partie des engagements que le gouvernement du Cameroun a pris dans le cadre du programme avec le <strong>Fonds mon\u00e9taire international<\/strong> (<strong>FMI<\/strong>). Il faut dire qu\u2019entre 2015 et 2017, les autorit\u00e9s du pays ont d\u00e9cid\u00e9 d\u2019accorder des avantages fiscaux exceptionnels \u00e0 certains secteurs pour lutter contre la vie ch\u00e8re, ou pour encourager les investissements.<\/p>\n<p>Les secteurs de l\u2019agriculture, l\u2019\u00e9levage et la p\u00eache sont ceux qui ont connu le plus grand nombre de d\u00e9rogations (165 \u00e0 la fin 2017). L\u2019am\u00e9lioration du pouvoir d\u2019achat des m\u00e9nages a constitu\u00e9 le deuxi\u00e8me grand objectif des d\u00e9penses fiscales de l\u2019\u00c9tat. Mais le tableau d\u2019\u00e9valuation de ces mesures pr\u00e9sente un ensemble de r\u00e9sultats plut\u00f4t mitig\u00e9s. Au total, les imp\u00f4ts non per\u00e7us par l\u2019\u00c9tat pour subventionner l\u2019\u00e9conomie ont atteint la somme de\u00a0<strong>1664,5 milliards de FCFA<\/strong>, entre 2015 et 2018, pour des gains \u00e9conomiques incertains. De plus, ce chiffre est assez minimal, car il ne prend pas en compte un groupe de 75 mesures d\u2019exon\u00e9rations fiscales accord\u00e9es aux secteurs de l\u2019industrie extractive, notamment ceux du gaz, du p\u00e9trole et de la mine solide. Enfin, les chiffres sur la d\u00e9pense fiscale n\u2019int\u00e8grent pas les\u00a0<strong>484,17 milliards de FCFA<\/strong>\u00a0de dette fiscale, que devaient les entreprises \u00e0 capitaux publics aux services des imp\u00f4ts \u00e0 la fin 2017 (les chiffres de 2018 n\u2019\u00e9tant pas encore disponibles).<\/p>\n<div class=\"about-author about-author-box container-wrapper\">\n<div class=\"author-avatar\">\n<p><img decoding=\"async\" src=\"http:\/\/\" alt=\"\"\/><\/p>\n<\/div>\n<p><h4>La R\u00e9daction EcoMatin<\/h4>\n<\/p>\n<\/div>\n<div class=\"awac-wrapper awac widget blog_subscription-2\">\n<h4 class=\"widget-title\">Abonnez-vous \u00e0 notre lettre d&rsquo;information<\/h4>\n<\/div>\n<p>Auteur: EcoMatin<br \/>\n<a href=\"https:\/\/ecomatin.net\/le-gouvernement-envisage-reduire-les-avantages-fiscaux-attribues-aux-contribuables\/\">Cliquez ici pour lire l&rsquo;article depuis sa source.<\/a><\/p>\n","protected":false},"excerpt":{"rendered":"<p>Le Cameroun d\u00e9cide de supprimer des exon\u00e9rations fiscales accord\u00e9es \u00e0 certains secteurs. Les exon\u00e9rations fiscales d\u00e9signent les avantages fiscaux dont peuvent jouir les contribuables (individu, entreprise, m\u00e9nage, etc.) pour diminuer le montant de leur imp\u00f4t, d\u00e8s lors qu\u2019ils remplissent certaines conditions. Cette suppression est la cons\u00e9quence de la d\u00e9cision du gouvernement de r\u00e9duire ses d\u00e9penses [&hellip;]<\/p>\n","protected":false},"author":1969,"featured_media":0,"comment_status":"closed","ping_status":"closed","sticky":false,"template":"","format":"standard","meta":{"fifu_image_url":"","fifu_image_alt":"","footnotes":""},"categories":[82,78],"tags":[],"class_list":["post-51698","post","type-post","status-publish","format-standard","hentry","category-cameroun","category-economie"],"_links":{"self":[{"href":"https:\/\/linitiative.ca\/International\/wp-json\/wp\/v2\/posts\/51698","targetHints":{"allow":["GET"]}}],"collection":[{"href":"https:\/\/linitiative.ca\/International\/wp-json\/wp\/v2\/posts"}],"about":[{"href":"https:\/\/linitiative.ca\/International\/wp-json\/wp\/v2\/types\/post"}],"author":[{"embeddable":true,"href":"https:\/\/linitiative.ca\/International\/wp-json\/wp\/v2\/users\/1969"}],"replies":[{"embeddable":true,"href":"https:\/\/linitiative.ca\/International\/wp-json\/wp\/v2\/comments?post=51698"}],"version-history":[{"count":0,"href":"https:\/\/linitiative.ca\/International\/wp-json\/wp\/v2\/posts\/51698\/revisions"}],"wp:attachment":[{"href":"https:\/\/linitiative.ca\/International\/wp-json\/wp\/v2\/media?parent=51698"}],"wp:term":[{"taxonomy":"category","embeddable":true,"href":"https:\/\/linitiative.ca\/International\/wp-json\/wp\/v2\/categories?post=51698"},{"taxonomy":"post_tag","embeddable":true,"href":"https:\/\/linitiative.ca\/International\/wp-json\/wp\/v2\/tags?post=51698"}],"curies":[{"name":"wp","href":"https:\/\/api.w.org\/{rel}","templated":true}]}}