{"id":51702,"date":"2019-08-15T09:41:53","date_gmt":"2019-08-15T13:41:53","guid":{"rendered":"https:\/\/linitiative.ca\/International\/jeux-africains-2019-jamal-sellami-devoile-la-liste-definitive-des-joueurs\/"},"modified":"2019-08-15T09:41:53","modified_gmt":"2019-08-15T13:41:53","slug":"jeux-africains-2019-jamal-sellami-devoile-la-liste-definitive-des-joueurs","status":"publish","type":"post","link":"https:\/\/linitiative.ca\/International\/jeux-africains-2019-jamal-sellami-devoile-la-liste-definitive-des-joueurs\/","title":{"rendered":"Jeux africains 2019 : Jamal Sellami d\u00e9voile la liste d\u00e9finitive des joueurs"},"content":{"rendered":"<header>\n<div class=\"entry-post-meta\">\n<div class=\"author-link\">Publi\u00e9 par <a itemprop=\"author\" itemscope=\"\" itemtype=\"https:\/\/schema.org\/Person\" href=\"http:\/\/aujourdhui.ma\/profile\/kaid\" rel=\"author\"><span itemprop=\"name\">ALM<\/span><\/a><\/div>\n<p>Date\u00a0:<time content=\"2019-08-15T14:41:53+00:00\" class=\"entry-date updated\" datetime=\"2019-08-15T14:41:53+00:00\">ao\u00fbt 15, 2019<\/time><\/p>\n<div class=\"entry-cat\">dans:<a href=\"http:\/\/aujourdhui.ma\/category\/sports\" rel=\"category tag\">Sports<\/a><\/div>\n<p>0 Vues<\/p>\n<\/div>\n<\/header>\n<div class=\"entry-content clearfix\" readability=\"50\"><img decoding=\"async\" class=\"post_layout_5_img\" src=\"http:\/\/aujourdhui.ma\/wp-content\/uploads\/2019\/08\/Jeux-africains-2019-Jamal-Sellami.jpg?x29840\" alt=\"Jeux africains 2019 : Jamal Sellami d\u00e9voile la liste d\u00e9finitive des joueurs\"\/><\/p>\n<p class=\"p1\"><span class=\"c4\"><strong><span class=\"s1\">L\u2019entra\u00eeneur de la s\u00e9lection nationale des moins de 20 ans (U20), Jamal Sellami, a d\u00e9voil\u00e9 lundi la liste d\u00e9finitive des 18 joueurs convoqu\u00e9s pour prendre part au tournoi de football des Jeux africains qui se d\u00e9rouleront au Maroc du 16 au 30 ao\u00fbt.<\/span><\/strong><\/span><span id=\"more-316979\"\/><\/p>\n<p class=\"p1\"><span class=\"s1\">Lors de cette comp\u00e9tition, la s\u00e9lection marocaine \u00e9voluera dans le groupe A aux c\u00f4t\u00e9s de l\u2019Afrique du Sud, du Burkina Faso et du Nigeria.<\/span><\/p>\n<p class=\"p1\"><span class=\"s1\">Voici la liste des 18 joueurs retenus, publi\u00e9e sur le site de la F\u00e9d\u00e9ration royale marocaine de football (FRMF):<\/span><\/p>\n<p class=\"p1\"><span class=\"s1\">\u2013 Taha Mourid (WAC) \u2013 Abderrahman Kernane (OCK) \u2013 Ibrahim Chahir (OCK) \u2013 Mohamed Moufid (FAR) \u2013 Mehdi Mbarek (FUS) \u2013 Mohcine Abba (FAR) \u2013 Khalid Ait Ouarkhan (FAR) \u2013 Idriss Bousbaa (FUS) \u2013 Abdelilah Medkour (RCA) \u2013 Zakaria Drouich (RCA) \u2013 Ayoub Khairi (RCA) \u2013 Ismail El Moutaraji (Chabab Mohammedia) \u2013 Hamza Bousqal (AMF) \u2013 Bilal Oudghiri (MAS) \u2013 Mohamed Askender (DHJ) \u2013 Mountassir Lahtimi (FUS) \u2013 Abdelilah Damar (Cornella FC\/Esp) \u2013 Aymen Mourid (Legan\u00e9s\/ESP)<\/span><\/p>\n<\/div>\n<p>Auteur: ALM<br \/>\n<a href=\"http:\/\/aujourdhui.ma\/sports\/jeux-africains-2019-jamal-sellami-devoile-la-liste-definitive-des-joueurs\">Cliquez ici pour lire l&rsquo;article depuis sa source.<\/a><\/p>\n","protected":false},"excerpt":{"rendered":"<p>Publi\u00e9 par ALM Date\u00a0:ao\u00fbt 15, 2019 dans:Sports 0 Vues L\u2019entra\u00eeneur de la s\u00e9lection nationale des moins de 20 ans (U20), Jamal Sellami, a d\u00e9voil\u00e9 lundi la liste d\u00e9finitive des 18 joueurs convoqu\u00e9s pour prendre part au tournoi de football des Jeux africains qui se d\u00e9rouleront au Maroc du 16 au 30 ao\u00fbt. Lors de cette [&hellip;]<\/p>\n","protected":false},"author":1759,"featured_media":0,"comment_status":"closed","ping_status":"closed","sticky":false,"template":"","format":"standard","meta":{"fifu_image_url":"","fifu_image_alt":"","footnotes":""},"categories":[73,54],"tags":[],"class_list":["post-51702","post","type-post","status-publish","format-standard","hentry","category-actualite","category-maroc"],"_links":{"self":[{"href":"https:\/\/linitiative.ca\/International\/wp-json\/wp\/v2\/posts\/51702","targetHints":{"allow":["GET"]}}],"collection":[{"href":"https:\/\/linitiative.ca\/International\/wp-json\/wp\/v2\/posts"}],"about":[{"href":"https:\/\/linitiative.ca\/International\/wp-json\/wp\/v2\/types\/post"}],"author":[{"embeddable":true,"href":"https:\/\/linitiative.ca\/International\/wp-json\/wp\/v2\/users\/1759"}],"replies":[{"embeddable":true,"href":"https:\/\/linitiative.ca\/International\/wp-json\/wp\/v2\/comments?post=51702"}],"version-history":[{"count":0,"href":"https:\/\/linitiative.ca\/International\/wp-json\/wp\/v2\/posts\/51702\/revisions"}],"wp:attachment":[{"href":"https:\/\/linitiative.ca\/International\/wp-json\/wp\/v2\/media?parent=51702"}],"wp:term":[{"taxonomy":"category","embeddable":true,"href":"https:\/\/linitiative.ca\/International\/wp-json\/wp\/v2\/categories?post=51702"},{"taxonomy":"post_tag","embeddable":true,"href":"https:\/\/linitiative.ca\/International\/wp-json\/wp\/v2\/tags?post=51702"}],"curies":[{"name":"wp","href":"https:\/\/api.w.org\/{rel}","templated":true}]}}