{"id":51703,"date":"2019-08-15T09:41:57","date_gmt":"2019-08-15T13:41:57","guid":{"rendered":"https:\/\/linitiative.ca\/International\/tennis-lecossais-andy-murray-ne-jouera-pas-en-simple-a-lus-open\/"},"modified":"2019-08-15T09:41:57","modified_gmt":"2019-08-15T13:41:57","slug":"tennis-lecossais-andy-murray-ne-jouera-pas-en-simple-a-lus-open","status":"publish","type":"post","link":"https:\/\/linitiative.ca\/International\/tennis-lecossais-andy-murray-ne-jouera-pas-en-simple-a-lus-open\/","title":{"rendered":"Tennis : L\u2019\u00c9cossais Andy Murray ne jouera pas en simple \u00e0 l\u2019US Open"},"content":{"rendered":"<header>\n<div class=\"entry-post-meta\">\n<div class=\"author-link\">Publi\u00e9 par <a itemprop=\"author\" itemscope=\"\" itemtype=\"https:\/\/schema.org\/Person\" href=\"http:\/\/aujourdhui.ma\/profile\/kaid\" rel=\"author\"><span itemprop=\"name\">ALM<\/span><\/a><\/div>\n<p>Date\u00a0:<time content=\"2019-08-15T14:41:57+00:00\" class=\"entry-date updated\" datetime=\"2019-08-15T14:41:57+00:00\">ao\u00fbt 15, 2019<\/time><\/p>\n<div class=\"entry-cat\">dans:<a href=\"http:\/\/aujourdhui.ma\/category\/sports\" rel=\"category tag\">Sports<\/a><\/div>\n<p>0 Vues<\/p>\n<\/div>\n<\/header>\n<div class=\"entry-content clearfix\" readability=\"57\"><img decoding=\"async\" class=\"post_layout_5_img\" src=\"http:\/\/aujourdhui.ma\/wp-content\/uploads\/2019\/08\/Tennis-Andy-Murray.jpg?x29840\" alt=\"Tennis : L\u2019\u00c9cossais Andy Murray ne jouera pas en simple \u00e0 l\u2019US Open\"\/><\/p>\n<p class=\"p1\"><span class=\"c4\"><strong><span class=\"s1\">Le tennisman \u00e9cossais Andy Murray a annonc\u00e9 qu\u2019il ne jouera pas en simple lors de l\u2019US Open, qui se d\u00e9roulera du 26 ao\u00fbt au 8 septembre.<\/span><\/strong><\/span><span id=\"more-316972\"\/><\/p>\n<p class=\"p1\"><span class=\"s1\"><em>\u00abJe ne vais pas jouer en simple \u00e0 l\u2019US Open\u00bb<\/em>, a d\u00e9clar\u00e9 Murray suite \u00e0 son \u00e9limination, lundi, d\u00e8s le premier tour du tableau simple du tournoi de Cincinnati, face au Fran\u00e7ais Richard Gasquet (6-4, 6-4).<\/span><\/p>\n<p class=\"p1\"><span class=\"s1\">L\u2019ex-N.1 mondial, aujourd\u2019hui 325\u00e8 au classement ATP, a relev\u00e9 qu\u2019il s\u2019agit d\u2019une d\u00e9cision prise de commun accord avec son \u00e9quipe, en arguant qu\u2019il avait encore du chemin \u00e0 parcourir avant de retrouver sa forme physique optimale.<\/span><\/p>\n<p class=\"p1\"><span class=\"s1\">Murray a disput\u00e9 lundi son premier match en simple depuis son annonce de d\u00e9part \u00e0 la retraite au courant de 2019.<\/span><\/p>\n<p class=\"p1\"><span class=\"s1\">L\u2019athl\u00e8te de 32 ans a toutefois pr\u00e9vu de jouer en double et en double mixte comme \u00e0 Wimbledon et il pourra participer la semaine prochaine au tournoi de tennis de Winston-Salem (Caroline du nord).<\/span><\/p>\n<\/div>\n<p>Auteur: ALM<br \/>\n<a href=\"http:\/\/aujourdhui.ma\/sports\/tennis-lecossais-andy-murray-ne-jouera-pas-en-simple-a-lus-open\">Cliquez ici pour lire l&rsquo;article depuis sa source.<\/a><\/p>\n","protected":false},"excerpt":{"rendered":"<p>Publi\u00e9 par ALM Date\u00a0:ao\u00fbt 15, 2019 dans:Sports 0 Vues Le tennisman \u00e9cossais Andy Murray a annonc\u00e9 qu\u2019il ne jouera pas en simple lors de l\u2019US Open, qui se d\u00e9roulera du 26 ao\u00fbt au 8 septembre. \u00abJe ne vais pas jouer en simple \u00e0 l\u2019US Open\u00bb, a d\u00e9clar\u00e9 Murray suite \u00e0 son \u00e9limination, lundi, d\u00e8s le [&hellip;]<\/p>\n","protected":false},"author":1759,"featured_media":0,"comment_status":"closed","ping_status":"closed","sticky":false,"template":"","format":"standard","meta":{"fifu_image_url":"","fifu_image_alt":"","footnotes":""},"categories":[73,54],"tags":[],"class_list":["post-51703","post","type-post","status-publish","format-standard","hentry","category-actualite","category-maroc"],"_links":{"self":[{"href":"https:\/\/linitiative.ca\/International\/wp-json\/wp\/v2\/posts\/51703","targetHints":{"allow":["GET"]}}],"collection":[{"href":"https:\/\/linitiative.ca\/International\/wp-json\/wp\/v2\/posts"}],"about":[{"href":"https:\/\/linitiative.ca\/International\/wp-json\/wp\/v2\/types\/post"}],"author":[{"embeddable":true,"href":"https:\/\/linitiative.ca\/International\/wp-json\/wp\/v2\/users\/1759"}],"replies":[{"embeddable":true,"href":"https:\/\/linitiative.ca\/International\/wp-json\/wp\/v2\/comments?post=51703"}],"version-history":[{"count":0,"href":"https:\/\/linitiative.ca\/International\/wp-json\/wp\/v2\/posts\/51703\/revisions"}],"wp:attachment":[{"href":"https:\/\/linitiative.ca\/International\/wp-json\/wp\/v2\/media?parent=51703"}],"wp:term":[{"taxonomy":"category","embeddable":true,"href":"https:\/\/linitiative.ca\/International\/wp-json\/wp\/v2\/categories?post=51703"},{"taxonomy":"post_tag","embeddable":true,"href":"https:\/\/linitiative.ca\/International\/wp-json\/wp\/v2\/tags?post=51703"}],"curies":[{"name":"wp","href":"https:\/\/api.w.org\/{rel}","templated":true}]}}