{"id":51704,"date":"2019-08-15T09:48:45","date_gmt":"2019-08-15T13:48:45","guid":{"rendered":"https:\/\/linitiative.ca\/International\/un-1er-festival-international-du-film-de-comedie-pour-decontracter-les-rbatis\/"},"modified":"2019-08-15T09:48:45","modified_gmt":"2019-08-15T13:48:45","slug":"un-1er-festival-international-du-film-de-comedie-pour-decontracter-les-rbatis","status":"publish","type":"post","link":"https:\/\/linitiative.ca\/International\/un-1er-festival-international-du-film-de-comedie-pour-decontracter-les-rbatis\/","title":{"rendered":"Un 1er Festival international du film de com\u00e9die pour d\u00e9contracter les R\u2019batis"},"content":{"rendered":"<p><img decoding=\"async\" class=\"post_layout_5_img\" src=\"http:\/\/aujourdhui.ma\/wp-content\/uploads\/2019\/08\/Festival-international-du-film-de-come%CC%81die-.jpg?x29840\" alt=\"Un 1er Festival international du film de com\u00e9die pour d\u00e9contracter les R\u2019batis\"\/><\/p>\n<p class=\"p1\"><span class=\"s1 c4\"><strong>Il se tiendra du 10 au 14 septembre \u00e0 la salle Bahnini<\/strong><\/span><span id=\"more-316987\"\/><\/p>\n<div class=\"base-box mom_box_sc_custom mom_box_sc clear c5\" readability=\"12\">\n<p class=\"p1\"><strong><em>Un jury international d\u00e9partagera\u00a0<\/em><em>les \u0153uvres cin\u00e9matographiques en comp\u00e9tition. Ce festival sera ainsi couronn\u00e9 par la remise du Grand prix, prix du jury, prix du 1er r\u00f4le f\u00e9minin, prix du 1er r\u00f4le masculin\u00a0<\/em><em>et prix du public.<\/em><\/strong><\/p>\n<\/div>\n<p class=\"p1\"><span class=\"s1\">Les R\u2019batis pourront bien se divertir du 10 au 14 septembre, le temps du 1er Festival international du film de com\u00e9die. Ils feront le plein de rire de par la s\u00e9lection officielle des films programm\u00e9s lors de cette manifestation d\u00e9di\u00e9e exclusivement au genre com\u00e9die en Afrique et dans le monde arabe \u00e0 l\u2019initiative du Centre marocain pour les initiatives de d\u00e9veloppement (CMID). A la salle Bahnini, les initiateurs, qui ouvriront, le 10 septembre, le bal \u00e0 20h projetteront une panoplie de productions cin\u00e9matographiques hilarantes.<\/span><\/p>\n<p class=\"p1\"><span class=\"s1\"><a href=\"http:\/\/aujourdhui.ma\/wp-content\/uploads\/2019\/08\/Festival-international-du-film-de-come%CC%81die.jpg?x29840\"><img loading=\"lazy\" decoding=\"async\" class=\"size-full wp-image-316991 alignleft\" src=\"http:\/\/aujourdhui.ma\/wp-content\/uploads\/2019\/08\/Festival-international-du-film-de-come%CC%81die.jpg?x29840\" alt=\"\" width=\"389\" height=\"757\" srcset=\"http:\/\/aujourdhui.ma\/wp-content\/uploads\/2019\/08\/Festival-international-du-film-de-come\u0301die.jpg 389w, http:\/\/aujourdhui.ma\/wp-content\/uploads\/2019\/08\/Festival-international-du-film-de-come\u0301die-154x300.jpg 154w\" sizes=\"auto, (max-width: 389px) 100vw, 389px\"\/><\/a>Dans ce sens, la programmation filmique du festival comprend les courts-m\u00e9trages de fiction \u00abRoujoula\u00bb de son r\u00e9alisateur franco-marocain Ilias El Faris, \u00abTurnul Din Pisa\u00bb du Roumain, Bogdan Iliesiu et \u00abEl Poligrafo\u00bb de l\u2019espagnole Marta L\u00f3pez-Fdez. La s\u00e9lection officielle comprend \u00e9galement les courts-m\u00e9trages \u00abUm filme de baixo or\u00e7amento\u00bb du Br\u00e9silien Paulo Leierer et \u00abLes \u00e9gar\u00e9s\u00bb, une production fran\u00e7aise r\u00e9alis\u00e9e par Ma\u00eblle Grand Bossi, Elisabeth Silveiro Maria et Castillejo Carmen. La Tunisie sera, quant \u00e0 elle, repr\u00e9sent\u00e9e par le cin\u00e9aste Lotfi Achour qui pr\u00e9sentera son court-m\u00e9trage \u00abAllouch, la laine sur le dos\u00bb.<\/span><\/p>\n<p class=\"p1\"><span class=\"s1\">A son tour, le cin\u00e9aste am\u00e9ricain participera au festival avec son court-m\u00e9trage \u00abBombshell\u00bb. De plus, cette manifestation \u00e9mettra d\u2019autres \u0153uvres con\u00e7ues de par le monde. C\u2019est le cas de \u00abThe Main Character\u00bb de l\u2019ukrainien Sergii Dmytrenko qui sera projet\u00e9e lors du festival qui programme \u00e9galement \u00abInmaduros\u00bb de l\u2019Argentin Jorge Ponce Betti et \u00abSwipe at first sight\u00bb de l\u2019Irlandais Kevin de la Isla O\u2019Neill. A leur tour, les \u0153uvres \u00abDebt\u00bb du hollandais Patrick Carelsz, \u00abThe future is here\u00bb du Russe Igor Verstov, \u00abPepitas\u00bb de l\u2019Italien Alessandro Sampaoli, \u00abKaak be yansoon\u00bb du Libanais Estephan Khattar, \u00abGuerilla Wedding\u00bb de l\u2019Australien Shane Emmett, ainsi que \u00abBlacky and faulty\u00bb du Mac\u00e9donien Marko Dzambazoski sont entre autres programm\u00e9s.<\/span><\/p>\n<p class=\"p1\"><span class=\"s1\">En marge de ces projections, des rencontres avec des professionnels des films en comp\u00e9tition, des master class et des conf\u00e9rences seront, selon les initiateurs, organis\u00e9es. <em>\u00abDes projections hors comp\u00e9tition de films de com\u00e9die seront aussi organis\u00e9es au profit du grand public\u00bb,<\/em> d\u00e9taille la m\u00eame source.<span class=\"Apple-converted-space\">\u00a0 \u00a0<\/span><\/span><\/p>\n<p class=\"p1\"><span class=\"s1\">C\u2019est un jury international qui d\u00e9partagera, selon les organisateurs, les \u0153uvres cin\u00e9matographiques en comp\u00e9tition. Ce festival sera ainsi couronn\u00e9 par la remise du Grand prix, prix du jury, prix du 1er r\u00f4le f\u00e9minin, prix du 1er r\u00f4le masculin et prix du public.<span class=\"Apple-converted-space\">\u00a0 \u00a0<\/span><\/span><\/p>\n<p class=\"p1\"><span class=\"s1\">Cela \u00e9tant, cet \u00e9v\u00e9nement est, au sens du CMID, un <em>\u00abprojet culturel d\u2019envergure qui r\u00e9unira des professionnels du cin\u00e9ma national et international et qui cr\u00e9era de la valeur pour la ville de Rabat, ses habitants et toutes les parties prenantes\u00bb.<\/em> De quoi d\u00e9contracter les R\u2019batis davantage.\u00a0<\/span><\/p>\n<p>Auteur: Salima Guisser<br \/>\n<a href=\"http:\/\/aujourdhui.ma\/culture\/cinema\/un-1er-festival-international-du-film-de-comedie-pour-decontracter-les-rbatis\">Cliquez ici pour lire l&rsquo;article depuis sa source.<\/a><\/p>\n","protected":false},"excerpt":{"rendered":"<p>Il se tiendra du 10 au 14 septembre \u00e0 la salle Bahnini Un jury international d\u00e9partagera\u00a0les \u0153uvres cin\u00e9matographiques en comp\u00e9tition. Ce festival sera ainsi couronn\u00e9 par la remise du Grand prix, prix du jury, prix du 1er r\u00f4le f\u00e9minin, prix du 1er r\u00f4le masculin\u00a0et prix du public. Les R\u2019batis pourront bien se divertir du 10 [&hellip;]<\/p>\n","protected":false},"author":1759,"featured_media":0,"comment_status":"closed","ping_status":"closed","sticky":false,"template":"","format":"standard","meta":{"fifu_image_url":"","fifu_image_alt":"","footnotes":""},"categories":[73,54],"tags":[],"class_list":["post-51704","post","type-post","status-publish","format-standard","hentry","category-actualite","category-maroc"],"_links":{"self":[{"href":"https:\/\/linitiative.ca\/International\/wp-json\/wp\/v2\/posts\/51704","targetHints":{"allow":["GET"]}}],"collection":[{"href":"https:\/\/linitiative.ca\/International\/wp-json\/wp\/v2\/posts"}],"about":[{"href":"https:\/\/linitiative.ca\/International\/wp-json\/wp\/v2\/types\/post"}],"author":[{"embeddable":true,"href":"https:\/\/linitiative.ca\/International\/wp-json\/wp\/v2\/users\/1759"}],"replies":[{"embeddable":true,"href":"https:\/\/linitiative.ca\/International\/wp-json\/wp\/v2\/comments?post=51704"}],"version-history":[{"count":0,"href":"https:\/\/linitiative.ca\/International\/wp-json\/wp\/v2\/posts\/51704\/revisions"}],"wp:attachment":[{"href":"https:\/\/linitiative.ca\/International\/wp-json\/wp\/v2\/media?parent=51704"}],"wp:term":[{"taxonomy":"category","embeddable":true,"href":"https:\/\/linitiative.ca\/International\/wp-json\/wp\/v2\/categories?post=51704"},{"taxonomy":"post_tag","embeddable":true,"href":"https:\/\/linitiative.ca\/International\/wp-json\/wp\/v2\/tags?post=51704"}],"curies":[{"name":"wp","href":"https:\/\/api.w.org\/{rel}","templated":true}]}}