{"id":51705,"date":"2019-08-15T10:00:17","date_gmt":"2019-08-15T14:00:17","guid":{"rendered":"https:\/\/linitiative.ca\/International\/tourisme-a-asilah-les-professionnels-misent-sur-lapres-aid-pour-tirer-leur-epingle-du-jeu\/"},"modified":"2019-08-15T10:00:17","modified_gmt":"2019-08-15T14:00:17","slug":"tourisme-a-asilah-les-professionnels-misent-sur-lapres-aid-pour-tirer-leur-epingle-du-jeu","status":"publish","type":"post","link":"https:\/\/linitiative.ca\/International\/tourisme-a-asilah-les-professionnels-misent-sur-lapres-aid-pour-tirer-leur-epingle-du-jeu\/","title":{"rendered":"Tourisme \u00e0 Asilah : Les professionnels misent  sur l\u2019apr\u00e8s A\u00efd pour tirer leur \u00e9pingle du jeu"},"content":{"rendered":"<p><img decoding=\"async\" class=\"post_layout_5_img\" src=\"http:\/\/aujourdhui.ma\/wp-content\/uploads\/2017\/07\/asilah.jpg?x29840\" alt=\"Tourisme \u00e0 Asilah : Les professionnels misent sur l\u2019apr\u00e8s A\u00efd pour tirer leur \u00e9pingle du jeu\"\/><\/p>\n<p class=\"p1\"><strong><span class=\"s1 c4\">Les Za\u00eflachis ont h\u00e2te de retrouver l\u2019effervescence de la saison d\u2019\u00e9t\u00e9 et de voir les rues s\u2019animer. Ils veulent profiter le maximum de cette p\u00e9riode estivale marqu\u00e9e par une affluence des touristes nationaux et \u00e9trangers et des MRE.<\/span><\/strong><span id=\"more-316953\"\/><\/p>\n<p class=\"p1\"><span class=\"s1\">A l\u2019instar des autres villes c\u00f4ti\u00e8res, la destination za\u00eflachie a \u00e9t\u00e9 tr\u00e8s affect\u00e9e par l\u2019arriv\u00e9e de la f\u00eate du sacrifice, qui a co\u00efncid\u00e9 encore cette ann\u00e9e avec la haute saison touristique. A cet effet, les professionnels du tourisme ainsi que les repr\u00e9sentants des autres types de commerce et des m\u00e9tiers estivants misent beaucoup sur l\u2019apr\u00e8s A\u00efd Al Adha pour tirer leur \u00e9pingle du jeu. Pour ce faire, ils se sont bien pr\u00e9par\u00e9s pour accueillir comme il se doit des visiteurs de cette p\u00e9riode d\u2019\u00e9t\u00e9. <em>\u00abNous avons constat\u00e9 une faible demande de location bien avant l\u2019A\u00efd El K\u00e9bir.<\/em><\/span><\/p>\n<p class=\"p1\"><span class=\"s1\"><em>Les r\u00e9sidences de luxe sont quasiment vides de clients. Car les propri\u00e9taires de ce genre de r\u00e9sidence veulent toujours maintenir la propret\u00e9 de leurs biens immobiliers et refusent aux clients d\u2019y \u00e9gorger le mouton le jour de l\u2019A\u00efd. Entre-temps, nous continuons de recevoir des demandes de r\u00e9servation avec des tarifs de la haute saison.<\/em><\/span><\/p>\n<p class=\"p1\"><span class=\"s1\"><em>Alors que d\u2019aucuns, dont la plupart de leur client\u00e8le ont migr\u00e9, ces derni\u00e8res ann\u00e9es, vers d\u2019autres villes du Nord, sont oblig\u00e9s de baisser leur prix de location pour pouvoir en sortir\u00bb<\/em>, selon Hassan Tanjaoui, g\u00e9rant d\u2019une r\u00e9sidence de vacances \u00e0 Asilah. Les caf\u00e9s-restaurants et les autres types de commerces, dont la plupart sont optimistes pour l\u2019apr\u00e8s A\u00efd Al Adha n\u2019ont pas \u00e9t\u00e9 affect\u00e9s de la m\u00eame mani\u00e8re en cette p\u00e9riode de f\u00eate. Comme c\u2019est le cas des \u00e9piciers et certains vendeurs de produits de contrebande, qui ont vu leurs ventes augmenter, particuli\u00e8rement celles en rapport avec le rituel du sacrifice du mouton. Concernant les caf\u00e9s-restaurants, ceux-ci ont profit\u00e9 de l\u2019occasion pour accorder un cong\u00e9 pour leurs employ\u00e9s qui pr\u00e9f\u00e8rent c\u00e9l\u00e9brer l\u2019A\u00efd avec leurs familles loin d\u2019Asilah.<\/span><\/p>\n<p class=\"p1\"><span class=\"s1\">C\u2019est une mani\u00e8re de bien se pr\u00e9parer avec leur personnel pour la deuxi\u00e8me phase de la saison estivale. <em>\u00abNous recevons, pendant la p\u00e9riode de l\u2019A\u00efd, beaucoup plus des commandes de boissons, du caf\u00e9, du th\u00e9 que de repas. C\u2019est pourquoi nous avons l\u2019habitude en cette p\u00e9riode d\u2019accorder \u00e0 notre chef-cuisinier quelques jours de repos bien m\u00e9rit\u00e9s lui permettant de reprendre son travail avec son dynamisme habituel. Surtout que ce caf\u00e9-restaurant est parmi ceux qui ne d\u00e9semplissent pas pendant la saison estivale\u00bb<\/em>, selon le g\u00e9rant de ce caf\u00e9-restaurant situ\u00e9 dans la corniche.<\/span><\/p>\n<p class=\"p1\"><span class=\"s1\">De m\u00eame que les professionnels du tourisme et les repr\u00e9sentants d\u2019autres secteurs d\u2019activit\u00e9s commerciales \u00e0 Asilah, les simples Za\u00eflachis ont h\u00e2te de retrouver l\u2019effervescence de la saison d\u2019\u00e9t\u00e9 et de voir les rues s\u2019animer. Ils veulent profiter le maximum de cette p\u00e9riode estivale marqu\u00e9e par une affluence des touristes nationaux et \u00e9trangers et des MRE. Alors que vu l\u2019aspect baln\u00e9aire d\u2019Asilah, les rues de la ville \u2013 qui enregistrent de temps en temps l\u2019arriv\u00e9e de quelques touristes de passage en dehors de l\u2019\u00e9t\u00e9, semblent d\u00e9sert\u00e9es du fait du manque d\u2019activit\u00e9s pendant le reste de l\u2019ann\u00e9e.<\/span><\/p>\n<p>Auteur: Najat Fa\u00efssal<br \/>\n<a href=\"http:\/\/aujourdhui.ma\/economie\/tourisme-a-asilah-les-professionnels-misent-sur-lapres-aid-pour-tirer-leur-epingle-du-jeu\">Cliquez ici pour lire l&rsquo;article depuis sa source.<\/a><\/p>\n","protected":false},"excerpt":{"rendered":"<p>Les Za\u00eflachis ont h\u00e2te de retrouver l\u2019effervescence de la saison d\u2019\u00e9t\u00e9 et de voir les rues s\u2019animer. Ils veulent profiter le maximum de cette p\u00e9riode estivale marqu\u00e9e par une affluence des touristes nationaux et \u00e9trangers et des MRE. A l\u2019instar des autres villes c\u00f4ti\u00e8res, la destination za\u00eflachie a \u00e9t\u00e9 tr\u00e8s affect\u00e9e par l\u2019arriv\u00e9e de la [&hellip;]<\/p>\n","protected":false},"author":1759,"featured_media":0,"comment_status":"closed","ping_status":"closed","sticky":false,"template":"","format":"standard","meta":{"fifu_image_url":"","fifu_image_alt":"","footnotes":""},"categories":[73,54],"tags":[],"class_list":["post-51705","post","type-post","status-publish","format-standard","hentry","category-actualite","category-maroc"],"_links":{"self":[{"href":"https:\/\/linitiative.ca\/International\/wp-json\/wp\/v2\/posts\/51705","targetHints":{"allow":["GET"]}}],"collection":[{"href":"https:\/\/linitiative.ca\/International\/wp-json\/wp\/v2\/posts"}],"about":[{"href":"https:\/\/linitiative.ca\/International\/wp-json\/wp\/v2\/types\/post"}],"author":[{"embeddable":true,"href":"https:\/\/linitiative.ca\/International\/wp-json\/wp\/v2\/users\/1759"}],"replies":[{"embeddable":true,"href":"https:\/\/linitiative.ca\/International\/wp-json\/wp\/v2\/comments?post=51705"}],"version-history":[{"count":0,"href":"https:\/\/linitiative.ca\/International\/wp-json\/wp\/v2\/posts\/51705\/revisions"}],"wp:attachment":[{"href":"https:\/\/linitiative.ca\/International\/wp-json\/wp\/v2\/media?parent=51705"}],"wp:term":[{"taxonomy":"category","embeddable":true,"href":"https:\/\/linitiative.ca\/International\/wp-json\/wp\/v2\/categories?post=51705"},{"taxonomy":"post_tag","embeddable":true,"href":"https:\/\/linitiative.ca\/International\/wp-json\/wp\/v2\/tags?post=51705"}],"curies":[{"name":"wp","href":"https:\/\/api.w.org\/{rel}","templated":true}]}}