{"id":51706,"date":"2019-08-15T10:15:55","date_gmt":"2019-08-15T14:15:55","guid":{"rendered":"https:\/\/linitiative.ca\/International\/la-16e-edition-du-festival-al-lamma-du-18-au-24-aout-a-oued-laou\/"},"modified":"2019-08-15T10:15:55","modified_gmt":"2019-08-15T14:15:55","slug":"la-16e-edition-du-festival-al-lamma-du-18-au-24-aout-a-oued-laou","status":"publish","type":"post","link":"https:\/\/linitiative.ca\/International\/la-16e-edition-du-festival-al-lamma-du-18-au-24-aout-a-oued-laou\/","title":{"rendered":"La 16e \u00e9dition du festival \u00abAl Lamma\u00bb,  du 18 au 24 ao\u00fbt \u00e0 Oued Laou"},"content":{"rendered":"<header>\n<div class=\"entry-post-meta\">\n<div class=\"author-link\">Publi\u00e9 par <a itemprop=\"author\" itemscope=\"\" itemtype=\"https:\/\/schema.org\/Person\" href=\"http:\/\/aujourdhui.ma\/profile\/kaid\" rel=\"author\"><span itemprop=\"name\">ALM<\/span><\/a><\/div>\n<p>Date\u00a0:<time content=\"2019-08-15T15:15:55+00:00\" class=\"entry-date updated\" datetime=\"2019-08-15T15:15:55+00:00\">ao\u00fbt 15, 2019<\/time><\/p>\n<div class=\"entry-cat\">dans:<a href=\"http:\/\/aujourdhui.ma\/category\/culture\" rel=\"category tag\">Culture<\/a><\/div>\n<p>0 Vues<\/p>\n<\/div>\n<\/header>\n<div class=\"entry-content clearfix\" readability=\"45\"><img decoding=\"async\" class=\"post_layout_5_img\" src=\"http:\/\/aujourdhui.ma\/wp-content\/uploads\/2019\/08\/oued-laou.jpg?x29840\" alt=\"La 16e \u00e9dition du festival \u00abAl Lamma\u00bb, du 18 au 24 ao\u00fbt \u00e0 Oued Laou\"\/><\/p>\n<p class=\"p1\"><span class=\"s1 c5\"><span class=\"c4\"><strong>La ville de Oued Laou abritera, du 18 au 24 ao\u00fbt courant, la 16\u00e8me \u00e9dition du festival culturel \u00abAl Lamma\u00bb sous le th\u00e8me \u00abLa nature, notre avenir\u00bb.<\/strong><\/span><\/span> <span id=\"more-316993\"\/><\/p>\n<p class=\"p1\"><span class=\"s1\">Selon le programme concoct\u00e9 par les organisateurs, cette \u00e9dition, qui verra la participation de plusieurs artistes marocains, sera l\u2019occasion d\u2019organiser des ateliers d\u2019arts plastiques au profit des enfants ainsi qu\u2019un tournoi de football pour jeunes et adultes. Cette \u00e9dition sera marqu\u00e9e aussi par une soir\u00e9e de po\u00e9sie, en plus d\u2019une conf\u00e9rence sur \u00abla destruction de la nature face aux perspectives du d\u00e9veloppement durable\u00bb.<\/span><\/p>\n<\/div>\n<p>Auteur: ALM<br \/>\n<a href=\"http:\/\/aujourdhui.ma\/culture\/la-16e-edition-du-festival-al-lamma-du-18-au-24-aout-a-oued-laou\">Cliquez ici pour lire l&rsquo;article depuis sa source.<\/a><\/p>\n","protected":false},"excerpt":{"rendered":"<p>Publi\u00e9 par ALM Date\u00a0:ao\u00fbt 15, 2019 dans:Culture 0 Vues La ville de Oued Laou abritera, du 18 au 24 ao\u00fbt courant, la 16\u00e8me \u00e9dition du festival culturel \u00abAl Lamma\u00bb sous le th\u00e8me \u00abLa nature, notre avenir\u00bb. Selon le programme concoct\u00e9 par les organisateurs, cette \u00e9dition, qui verra la participation de plusieurs artistes marocains, sera l\u2019occasion [&hellip;]<\/p>\n","protected":false},"author":1759,"featured_media":0,"comment_status":"closed","ping_status":"closed","sticky":false,"template":"","format":"standard","meta":{"fifu_image_url":"","fifu_image_alt":"","footnotes":""},"categories":[73,54],"tags":[],"class_list":["post-51706","post","type-post","status-publish","format-standard","hentry","category-actualite","category-maroc"],"_links":{"self":[{"href":"https:\/\/linitiative.ca\/International\/wp-json\/wp\/v2\/posts\/51706","targetHints":{"allow":["GET"]}}],"collection":[{"href":"https:\/\/linitiative.ca\/International\/wp-json\/wp\/v2\/posts"}],"about":[{"href":"https:\/\/linitiative.ca\/International\/wp-json\/wp\/v2\/types\/post"}],"author":[{"embeddable":true,"href":"https:\/\/linitiative.ca\/International\/wp-json\/wp\/v2\/users\/1759"}],"replies":[{"embeddable":true,"href":"https:\/\/linitiative.ca\/International\/wp-json\/wp\/v2\/comments?post=51706"}],"version-history":[{"count":0,"href":"https:\/\/linitiative.ca\/International\/wp-json\/wp\/v2\/posts\/51706\/revisions"}],"wp:attachment":[{"href":"https:\/\/linitiative.ca\/International\/wp-json\/wp\/v2\/media?parent=51706"}],"wp:term":[{"taxonomy":"category","embeddable":true,"href":"https:\/\/linitiative.ca\/International\/wp-json\/wp\/v2\/categories?post=51706"},{"taxonomy":"post_tag","embeddable":true,"href":"https:\/\/linitiative.ca\/International\/wp-json\/wp\/v2\/tags?post=51706"}],"curies":[{"name":"wp","href":"https:\/\/api.w.org\/{rel}","templated":true}]}}