{"id":51707,"date":"2019-08-15T10:17:17","date_gmt":"2019-08-15T14:17:17","guid":{"rendered":"https:\/\/linitiative.ca\/International\/ouverture-du-megarama-rabat-sixieme-multiplexe-du-groupe-francais-au-maroc\/"},"modified":"2019-08-15T10:17:17","modified_gmt":"2019-08-15T14:17:17","slug":"ouverture-du-megarama-rabat-sixieme-multiplexe-du-groupe-francais-au-maroc","status":"publish","type":"post","link":"https:\/\/linitiative.ca\/International\/ouverture-du-megarama-rabat-sixieme-multiplexe-du-groupe-francais-au-maroc\/","title":{"rendered":"Ouverture du Megarama Rabat, sixi\u00e8me multiplexe  du groupe fran\u00e7ais au Maroc"},"content":{"rendered":"<header>\n<div class=\"entry-post-meta\">\n<div class=\"author-link\">Publi\u00e9 par <a itemprop=\"author\" itemscope=\"\" itemtype=\"https:\/\/schema.org\/Person\" href=\"http:\/\/aujourdhui.ma\/profile\/kaid\" rel=\"author\"><span itemprop=\"name\">ALM<\/span><\/a><\/div>\n<p>Date\u00a0:<time content=\"2019-08-15T15:17:17+00:00\" class=\"entry-date updated\" datetime=\"2019-08-15T15:17:17+00:00\">ao\u00fbt 15, 2019<\/time><\/p>\n<div class=\"entry-cat\">dans:<a href=\"http:\/\/aujourdhui.ma\/category\/culture\/cinema\" rel=\"category tag\">Cinema<\/a><\/div>\n<p>0 Vues<\/p>\n<\/div>\n<\/header>\n<div class=\"entry-content clearfix\" readability=\"48\"><img decoding=\"async\" class=\"post_layout_5_img\" src=\"http:\/\/aujourdhui.ma\/wp-content\/uploads\/2019\/08\/Megarama-Rabat.jpg?x29840\" alt=\"Ouverture du Megarama Rabat, sixi\u00e8me multiplexe du groupe fran\u00e7ais au Maroc\"\/><\/p>\n<p class=\"p1\"><span class=\"s1\"><span class=\"c4\"><strong>Le Groupe Megarama Maroc vient d\u2019\u00e9tendre son r\u00e9seau dans le Royaume apr\u00e8s l\u2019ouverture lundi du Megarama Rabat, un multiplexe de 12 salles r\u00e9alis\u00e9 pour un investissement de 70 millions DH.<\/strong><\/span><\/span> <span id=\"more-316989\"\/><\/p>\n<p class=\"p1\"><span class=\"s1\">Sixi\u00e8me complexe cin\u00e9matographique du groupe fran\u00e7ais fond\u00e9 par Jean Pierre Lemoine apr\u00e8s Casablanca, Marrakech, F\u00e8s et Tanger, Megarama Maroc est \u00e9quip\u00e9 de la derni\u00e8re g\u00e9n\u00e9ration en technologie de projecteurs 4K laser pour la 2D et 3D, ainsi qu\u2019en son Dolby 7.1.<\/span><\/p>\n<p class=\"p1\"><span class=\"s1\">Les douze salles disposent d\u2019une capacit\u00e9 d\u2019accueil de 1.500 personnes par s\u00e9ance, pr\u00e9cise le groupe dans un communiqu\u00e9, relevant que <em>\u00ables spectateurs pourront assister \u00e0 la projection des derniers blockbusters nationaux et internationaux sur des fauteuils club ou premium\u00bb.<\/em><\/span><\/p>\n<\/div>\n<p>Auteur: ALM<br \/>\n<a href=\"http:\/\/aujourdhui.ma\/culture\/cinema\/ouverture-du-megarama-rabat-sixieme-multiplexe-du-groupe-francais-au-maroc\">Cliquez ici pour lire l&rsquo;article depuis sa source.<\/a><\/p>\n","protected":false},"excerpt":{"rendered":"<p>Publi\u00e9 par ALM Date\u00a0:ao\u00fbt 15, 2019 dans:Cinema 0 Vues Le Groupe Megarama Maroc vient d\u2019\u00e9tendre son r\u00e9seau dans le Royaume apr\u00e8s l\u2019ouverture lundi du Megarama Rabat, un multiplexe de 12 salles r\u00e9alis\u00e9 pour un investissement de 70 millions DH. Sixi\u00e8me complexe cin\u00e9matographique du groupe fran\u00e7ais fond\u00e9 par Jean Pierre Lemoine apr\u00e8s Casablanca, Marrakech, F\u00e8s et [&hellip;]<\/p>\n","protected":false},"author":1759,"featured_media":0,"comment_status":"closed","ping_status":"closed","sticky":false,"template":"","format":"standard","meta":{"fifu_image_url":"","fifu_image_alt":"","footnotes":""},"categories":[73,54],"tags":[],"class_list":["post-51707","post","type-post","status-publish","format-standard","hentry","category-actualite","category-maroc"],"_links":{"self":[{"href":"https:\/\/linitiative.ca\/International\/wp-json\/wp\/v2\/posts\/51707","targetHints":{"allow":["GET"]}}],"collection":[{"href":"https:\/\/linitiative.ca\/International\/wp-json\/wp\/v2\/posts"}],"about":[{"href":"https:\/\/linitiative.ca\/International\/wp-json\/wp\/v2\/types\/post"}],"author":[{"embeddable":true,"href":"https:\/\/linitiative.ca\/International\/wp-json\/wp\/v2\/users\/1759"}],"replies":[{"embeddable":true,"href":"https:\/\/linitiative.ca\/International\/wp-json\/wp\/v2\/comments?post=51707"}],"version-history":[{"count":0,"href":"https:\/\/linitiative.ca\/International\/wp-json\/wp\/v2\/posts\/51707\/revisions"}],"wp:attachment":[{"href":"https:\/\/linitiative.ca\/International\/wp-json\/wp\/v2\/media?parent=51707"}],"wp:term":[{"taxonomy":"category","embeddable":true,"href":"https:\/\/linitiative.ca\/International\/wp-json\/wp\/v2\/categories?post=51707"},{"taxonomy":"post_tag","embeddable":true,"href":"https:\/\/linitiative.ca\/International\/wp-json\/wp\/v2\/tags?post=51707"}],"curies":[{"name":"wp","href":"https:\/\/api.w.org\/{rel}","templated":true}]}}