{"id":51708,"date":"2019-08-15T10:19:43","date_gmt":"2019-08-15T14:19:43","guid":{"rendered":"https:\/\/linitiative.ca\/International\/attijariwafa-bank-fait-une-retrospective-de-sa-collection-1980%e2%80%912000\/"},"modified":"2019-08-15T10:19:43","modified_gmt":"2019-08-15T14:19:43","slug":"attijariwafa-bank-fait-une-retrospective-de-sa-collection-1980%e2%80%912000","status":"publish","type":"post","link":"https:\/\/linitiative.ca\/International\/attijariwafa-bank-fait-une-retrospective-de-sa-collection-1980%e2%80%912000\/","title":{"rendered":"Attijariwafa bank fait une r\u00e9trospective de sa collection 1980\u20112000"},"content":{"rendered":"<p><img decoding=\"async\" class=\"post_layout_5_img\" src=\"http:\/\/aujourdhui.ma\/wp-content\/uploads\/2019\/08\/Attijariwafa-bank-fait-une-re%CC%81trospective-de-sa-collection-1980%E2%80%912000.jpg?x29840\" alt=\"Attijariwafa bank fait une r\u00e9trospective de sa collection 1980\u20112000\"\/><\/p>\n<p class=\"p1\"><span class=\"s1\"><span class=\"c4\"><strong>Les passionn\u00e9s des beaux-arts ont de quoi passer le reste de l\u2019\u00e9t\u00e9 et mieux \u00e9gayer la rentr\u00e9e.<\/strong><\/span><\/span> <span id=\"more-317006\"\/><\/p>\n<p class=\"p1\"><span class=\"s1\">Ils pourront d\u00e9couvrir, jusqu\u2019au 30 septembre \u00e0 l\u2019espace d\u2019art Actua \u00e0 Casablanca, une \u00e8re particuli\u00e8re le temps d\u2019une nouvelle exposition intitul\u00e9e \u00abGrands formats dans la collection Attijariwafa bank, 1980\u20112000\u00bb. Cet \u00e9v\u00e9nement, initi\u00e9 par la Fondation Attijariwafa bank, a, selon les initiateurs, plusieurs vis\u00e9es. <em>\u00abCette exposition se veut une occasion de c\u00e9l\u00e9brer une g\u00e9n\u00e9ration d\u2019artistes ayant pris leur plein essor dans les ann\u00e9es 1970-1980, en revendiquant la peinture comme sujet \u00e0 part enti\u00e8re et en inventant de nouveaux univers picturaux qui se voulaient affranchis de l\u2019h\u00e9ritage culturel des signes et symboles pr\u00f4n\u00e9s par leurs pr\u00e9d\u00e9cesseurs dans les ann\u00e9es 60\u00bb<\/em>, pr\u00e9cisent les organisateurs. <span class=\"Apple-converted-space\">\u00a0 \u00a0<\/span><\/span><\/p>\n<p class=\"p1\"><span class=\"s1\">Selon la m\u00eame source, cette manifestation met \u00e0 l\u2019honneur les artistes-peintres Mohamed Abouelouakar, Amina Benbouchta, Fouad Bellamine, Mohamed Bennani, Hassan El Glaoui, Fatima Hassan El Farouj, Saad Hassani, Abderrahman Meliani, Najia Mehadji, Houssein Miloudi, Abdelk\u00e9bir Rabi et Tallal. En d\u00e9tail, \u00abGrands formats dans la collection Attijariwafa bank, 1980-2000\u00bb privil\u00e9gie des oeuvres de tr\u00e8s grandes dimensions et des commandes sp\u00e9cifiques pour mieux appr\u00e9hender cette prolifique p\u00e9riode, qui correspond au sein du groupe Attijariwafa bank, \u00e0 l\u2019essor d\u2019une v\u00e9ritable conscience et \u00e0 un engagement fort pour la dynamisation des arts. Pour information, l\u2019entr\u00e9e est libre du lundi au vendredi, de 9 h \u00e0 18 h.<\/span><\/p>\n<p>Auteur: ALM<br \/>\n<a href=\"http:\/\/aujourdhui.ma\/culture\/attijariwafa-bank-fait-une-retrospective-de-sa-collection-1980%E2%80%912000\">Cliquez ici pour lire l&rsquo;article depuis sa source.<\/a><\/p>\n","protected":false},"excerpt":{"rendered":"<p>Les passionn\u00e9s des beaux-arts ont de quoi passer le reste de l\u2019\u00e9t\u00e9 et mieux \u00e9gayer la rentr\u00e9e. Ils pourront d\u00e9couvrir, jusqu\u2019au 30 septembre \u00e0 l\u2019espace d\u2019art Actua \u00e0 Casablanca, une \u00e8re particuli\u00e8re le temps d\u2019une nouvelle exposition intitul\u00e9e \u00abGrands formats dans la collection Attijariwafa bank, 1980\u20112000\u00bb. Cet \u00e9v\u00e9nement, initi\u00e9 par la Fondation Attijariwafa bank, a, [&hellip;]<\/p>\n","protected":false},"author":1759,"featured_media":0,"comment_status":"closed","ping_status":"closed","sticky":false,"template":"","format":"standard","meta":{"fifu_image_url":"","fifu_image_alt":"","footnotes":""},"categories":[73,54],"tags":[],"class_list":["post-51708","post","type-post","status-publish","format-standard","hentry","category-actualite","category-maroc"],"_links":{"self":[{"href":"https:\/\/linitiative.ca\/International\/wp-json\/wp\/v2\/posts\/51708","targetHints":{"allow":["GET"]}}],"collection":[{"href":"https:\/\/linitiative.ca\/International\/wp-json\/wp\/v2\/posts"}],"about":[{"href":"https:\/\/linitiative.ca\/International\/wp-json\/wp\/v2\/types\/post"}],"author":[{"embeddable":true,"href":"https:\/\/linitiative.ca\/International\/wp-json\/wp\/v2\/users\/1759"}],"replies":[{"embeddable":true,"href":"https:\/\/linitiative.ca\/International\/wp-json\/wp\/v2\/comments?post=51708"}],"version-history":[{"count":0,"href":"https:\/\/linitiative.ca\/International\/wp-json\/wp\/v2\/posts\/51708\/revisions"}],"wp:attachment":[{"href":"https:\/\/linitiative.ca\/International\/wp-json\/wp\/v2\/media?parent=51708"}],"wp:term":[{"taxonomy":"category","embeddable":true,"href":"https:\/\/linitiative.ca\/International\/wp-json\/wp\/v2\/categories?post=51708"},{"taxonomy":"post_tag","embeddable":true,"href":"https:\/\/linitiative.ca\/International\/wp-json\/wp\/v2\/tags?post=51708"}],"curies":[{"name":"wp","href":"https:\/\/api.w.org\/{rel}","templated":true}]}}