{"id":51711,"date":"2019-08-15T06:54:39","date_gmt":"2019-08-15T10:54:39","guid":{"rendered":"https:\/\/linitiative.ca\/International\/tourisme-lappel-du-nord\/"},"modified":"2019-08-15T06:54:39","modified_gmt":"2019-08-15T10:54:39","slug":"tourisme-lappel-du-nord","status":"publish","type":"post","link":"https:\/\/linitiative.ca\/International\/tourisme-lappel-du-nord\/","title":{"rendered":"Tourisme: l\u2019appel du Nord"},"content":{"rendered":"<p class=\"c4\"><strong><span class=\"c3\"><span class=\"c2\">L\u2019<\/span>activit\u00e9 touristique a le vent en poupe dans presque toutes les provinces du nord. En moins de deux d\u00e9cennies, le Nord a ravi la pole position \u00e0 d\u2019autres stations historiquement pris\u00e9es en \u00e9t\u00e9 par les touristes locaux et \u00e9trangers. Les raisons de ce succ\u00e8s ne rel\u00e8vent pas d\u2019un quelconque miracle. Tous les ingr\u00e9dients pour cr\u00e9er l\u2019attraction de la destination ont \u00e9t\u00e9 r\u00e9unis\u00a0: une infrastructure solide avec r\u00e9seaux routiers et autoroutiers r\u00e9nov\u00e9s et \u00e9tendus, de nouvelles liaisons a\u00e9riennes, le lancement du\u00a0 TGV, l\u2019extraordinaire dynamique du port Tanger Med, l\u2019ouverture de nouvelles unit\u00e9s touristiques g\u00e9r\u00e9es par des professionnels, une industrie de loisirs vari\u00e9e et surtout de magnifiques paysages naturels.<\/span><\/strong><\/p>\n<p class=\"c4\"><strong><span class=\"c3\">A cela s\u2019ajoutent des villes propres et s\u00e9curis\u00e9es, un approvisionnement suffisant gr\u00e2ce \u00e0 une bonne gestion des saisons touristiques. Autant dire que le succ\u00e8s touristique du Nord peut, avec un\u00a0 minimum de bonne volont\u00e9, inspirer d\u2019autres r\u00e9gions du Maroc en d\u00e9clin au niveau touristique et m\u00eame les destinations jamais explor\u00e9es. Notre dossier sur le boom de l\u2019activit\u00e9 touristique dans le nord fait le point avec les d\u00e9cideurs et les professionnels sur la situation de l\u2019industrie du voyage dans le Nord.<\/span><\/strong><\/p>\n<p class=\"c5\"><strong>Najib Amrani<\/strong><\/p>\n<p class=\"c4\"><span class=\"c3\"><em><strong><span class=\"c2\">D<\/span><\/strong>epuis pr\u00e8s de deux d\u00e9cennies, la r\u00e9gion du nord continue d\u2019attirer de plus en plus d\u2019estivants. Cet engouement s\u2019explique principalement par les belles plages des deux fa\u00e7ades maritimes qui s\u2019\u00e9talent sur 400 km. Du c\u00f4t\u00e9 de la M\u00e9diterran\u00e9e, les plages s\u2019\u00e9tendent de Tanger jusqu\u2019\u00e0 Al Hoce\u00efma tandis que celles de la c\u00f4te Atlantique s\u2019\u00e9tendent de Tanger jusqu\u2019\u00e0 Larache.<\/em><\/span><\/p>\n<p class=\"c4\">Pour accompagner ce succ\u00e8s, plusieurs chantiers visant \u00e0 renforcer l\u2019infrastructure de la r\u00e9gion ont \u00e9t\u00e9 initi\u00e9s au fil des ann\u00e9es. B\u00e9n\u00e9ficiant de l\u2019attention tr\u00e8s particuli\u00e8re du Roi Mohammed 6, la r\u00e9gion Tanger-T\u00e9touan-Al Hoce\u00efma, continue \u00e0 ce jour \u00e0 se d\u00e9velopper \u00e0 une cadence \u00e9lev\u00e9e. D\u2019ailleurs, Sa Majest\u00e9 en est le premier promoteur. Chaque ann\u00e9e, il passe ses vacances \u00e0 M\u2019diq. La pr\u00e9sence royale contribue de fa\u00e7on tr\u00e8s importante \u00e0 la fluidit\u00e9 de la circulation ainsi qu\u2019\u00e0 la s\u00e9curit\u00e9 en raison de l\u2019ubiquit\u00e9 des membres des forces de l\u2019ordre ce qui encourage encore plus les estivants.<\/p>\n<p class=\"c4\">A Martil seulement, la population passe, bon an mal an, de 64.000 \u00e0 700.000 personnes en p\u00e9riode estivale d\u2019apr\u00e8s un responsable communal. La plage de la ville accueille chaque jour\u00a0 80.000 estivants, un boom d\u00e9mographique certes \u00e9ph\u00e9m\u00e8re, mais pas du tout facile \u00e0 g\u00e9rer, pr\u00e9cise la m\u00eame source.<\/p>\n<p class=\"c4\">Les estivants attir\u00e9s par la r\u00e9gion sont principalement des touristes nationaux ainsi que des Marocains r\u00e9sidant \u00e0 l\u2019\u00e9tranger. Selon une enqu\u00eate t\u00e9l\u00e9phonique men\u00e9e r\u00e9cemment par le site d\u2019informations touristiques marocain \u00abpremiumtravelnews.com\u00bb, sur un \u00e9chantillon de 458 personnes, 25% des sond\u00e9s ont pl\u00e9biscit\u00e9 la r\u00e9gion du nord. La venue de ces vacanciers anime le secteur touristique qui est devenu un vrai pourvoyeur d\u2019emplois dans la r\u00e9gion.\u00a0 Ainsi, selon les chiffres du Conseil R\u00e9gional du Tourisme, le secteur emploie plus de 80.000 personnes. Si les chiffres ne sont pas connus, l\u2019informel permet pour sa part \u00e0 une tr\u00e8s grande partie des jeunes de faire du \u00abbusiness saisonnier\u00bb.<\/p>\n<p class=\"c4\">Outre le tourisme baln\u00e9aire, Tanger commence \u00e0 se pencher sur un autre type de tourisme \u00e0 savoir le MICE (Meetings, Incentives, Conferencing, Exhibitions). Gr\u00e2ce \u00e0 sa situation g\u00e9ographique et l\u2019industrialisation qu\u2019elle conna\u00eet, la ville du d\u00e9troit saura se frayer une place dans le tourisme d\u2019affaires. Seul b\u00e9mol, selon plusieurs op\u00e9rateurs, la connectivit\u00e9 a\u00e9rienne qui oblige dans plusieurs cas de passer par le hub a\u00e9rien de Casablanca.<\/p>\n<p class=\"c4\">Larache quant \u00e0 elle tente \u00e0 se relancer en exploitant son patrimoine historique avec l\u2019ouverture du Lixus Beach Resort situ\u00e9\u00a0 \u00e0 proximit\u00e9 du site arch\u00e9ologique \u00e9ponyme, une ville antique fond\u00e9e par les Ph\u00e9niciens au XII\u00e8me si\u00e8cle av. J.-C.<\/p>\n<p class=\"c4\">De l\u2019autre c\u00f4t\u00e9 de la m\u00e9diterran\u00e9e, Al Hoce\u00efma a profit\u00e9 de la mise en \u0153uvre de plusieurs projets structurants dans le cadre du programme du d\u00e9veloppement spatial \u00abAl Hoce\u00efma Manarat Al Moutawasit\u00bb dont les travaux ont atteint 90% dans certaines r\u00e9gions selon Minist\u00e8re de l\u2019Equipement, du Transport, de la Logistique et de l\u2019Eau. Al Hoce\u00efma fascine par ses paysages sauvages et ses plages envo\u00fbtantes qui captivent ceux en qu\u00eate de qui\u00e9tude et de s\u00e9r\u00e9nit\u00e9.<\/p>\n<p class=\"c4\">Disposant de plus de 290 unit\u00e9s h\u00f4teli\u00e8res soit une capacit\u00e9 liti\u00e8re estim\u00e9e \u00e0 23.000 lits, la r\u00e9gion de Tanger-T\u00e9touan-Al Hoce\u00efma aspire \u00e0 attirer 3 millions de touristes en 2020. Un objectif trac\u00e9 par le CRT dont tous les acteurs travaillent d\u2019arrache-pied pour que la r\u00e9gion reste, ad vitam aeternam, l\u2019une des destinations les plus pris\u00e9es.<\/p>\n<p class=\"c5\">Aimen Bouzoggaghe<\/p>\n<p>Auteur: M&rsquo;hammed rahal<br \/>\n<a href=\"http:\/\/albayane.press.ma\/tourisme-lappel-du-nord.html\">Cliquez ici pour lire l&rsquo;article depuis sa source.<\/a><\/p>\n","protected":false},"excerpt":{"rendered":"<p>L\u2019activit\u00e9 touristique a le vent en poupe dans presque toutes les provinces du nord. En moins de deux d\u00e9cennies, le Nord a ravi la pole position \u00e0 d\u2019autres stations historiquement pris\u00e9es en \u00e9t\u00e9 par les touristes locaux et \u00e9trangers. Les raisons de ce succ\u00e8s ne rel\u00e8vent pas d\u2019un quelconque miracle. Tous les ingr\u00e9dients pour cr\u00e9er [&hellip;]<\/p>\n","protected":false},"author":1760,"featured_media":0,"comment_status":"closed","ping_status":"closed","sticky":false,"template":"","format":"standard","meta":{"fifu_image_url":"","fifu_image_alt":"","footnotes":""},"categories":[73,54],"tags":[],"class_list":["post-51711","post","type-post","status-publish","format-standard","hentry","category-actualite","category-maroc"],"_links":{"self":[{"href":"https:\/\/linitiative.ca\/International\/wp-json\/wp\/v2\/posts\/51711","targetHints":{"allow":["GET"]}}],"collection":[{"href":"https:\/\/linitiative.ca\/International\/wp-json\/wp\/v2\/posts"}],"about":[{"href":"https:\/\/linitiative.ca\/International\/wp-json\/wp\/v2\/types\/post"}],"author":[{"embeddable":true,"href":"https:\/\/linitiative.ca\/International\/wp-json\/wp\/v2\/users\/1760"}],"replies":[{"embeddable":true,"href":"https:\/\/linitiative.ca\/International\/wp-json\/wp\/v2\/comments?post=51711"}],"version-history":[{"count":0,"href":"https:\/\/linitiative.ca\/International\/wp-json\/wp\/v2\/posts\/51711\/revisions"}],"wp:attachment":[{"href":"https:\/\/linitiative.ca\/International\/wp-json\/wp\/v2\/media?parent=51711"}],"wp:term":[{"taxonomy":"category","embeddable":true,"href":"https:\/\/linitiative.ca\/International\/wp-json\/wp\/v2\/categories?post=51711"},{"taxonomy":"post_tag","embeddable":true,"href":"https:\/\/linitiative.ca\/International\/wp-json\/wp\/v2\/tags?post=51711"}],"curies":[{"name":"wp","href":"https:\/\/api.w.org\/{rel}","templated":true}]}}