{"id":51712,"date":"2019-08-15T07:04:17","date_gmt":"2019-08-15T11:04:17","guid":{"rendered":"https:\/\/linitiative.ca\/International\/hicham-bouanane-president-de-la-commune-de-martil\/"},"modified":"2019-08-15T07:04:17","modified_gmt":"2019-08-15T11:04:17","slug":"hicham-bouanane-president-de-la-commune-de-martil","status":"publish","type":"post","link":"https:\/\/linitiative.ca\/International\/hicham-bouanane-president-de-la-commune-de-martil\/","title":{"rendered":"Hicham Bouanane, Pr\u00e9sident de la Commune de Martil"},"content":{"rendered":"<p class=\"c3\"><span class=\"c2\"><strong>\u00abLa Commune, acteur incontournable dans la promotion du toursime\u00bb<\/strong><\/span><\/p>\n<p class=\"c5\"><strong><span class=\"c2\">H<\/span><span class=\"c4\">icham Bouanane, pr\u00e9sident de la Commune de Martil, consid\u00e8re que\u00a0 la Commune est un acteur incontournable dans la promotion de l\u2019activit\u00e9 touristique. Pour lui, l\u2019attractivit\u00e9 de\u00a0 la ville s\u2019explique par plusieurs facteurs, \u00e0 commencer par la diversit\u00e9\u00a0 et la richesse de son offre touristique. Mais cela n\u2019est point suffisant. En fait, notre interlocuteur met l\u2019accent sur plusieurs faiblesses, \u00e0 commencer\u00a0 par le comportement de certains citoyens, qui font preuve d\u2019un manque de respect aux normes \u00e9cologiques ou encore de l\u2019insuffisance des recettes financi\u00e8res de la Commune pour mener \u00e0 bien sa mission, d\u2019o\u00f9 l\u2019importance de cr\u00e9er un fonds sp\u00e9cial pour le soutien des villes consid\u00e9r\u00e9es comme une\u00a0 destination touristique \u00e0 part enti\u00e8re, persiste et signe-t-il.<\/span><\/strong><\/p>\n<p class=\"c5\"><strong>Al Bayane : comment se porte l\u2019activit\u00e9 touristique dans la ville de Martil?<\/strong><\/p>\n<p class=\"c5\"><strong>Hicham Bouanane :<\/strong> la ville de Martil s\u2019est transform\u00e9e, il y a quelques ann\u00e9es,\u00a0 en une destination touristique de choix pour des centaines de milliers de familles marocaines, notamment pendant la saison d\u2019\u00e9t\u00e9.\u00a0 Il faut dire que l\u2019attractivit\u00e9 de la ville s\u2019explique par plusieurs facteurs, \u00e0 commencer par la diversit\u00e9\u00a0 voire la richesse\u00a0 de son offre touristique, qui sont accessibles pour l\u2019ensemble des cat\u00e9gories sociales.\u00a0 A cela s\u2019ajoute, les ressources naturelles et culturelles dont dispose la r\u00e9gion constituant ainsi un fort potentiel pour le d\u00e9veloppement touristique de cette collectivit\u00e9 territoriale.\u00a0 Il est \u00e0 souligner que cette dynamique a \u00e9t\u00e9 \u00a0due, en premier lieu, \u00e0 SM le Roi Mohammed VI, qui a eu, depuis son accession au Tr\u00f4ne,\u00a0 la bienveillance d\u2019accorder \u00e0 la r\u00e9gion un int\u00e9r\u00eat particulier,\u00a0 en proc\u00e9dant \u00e0 lancer des grands chantiers structurels.<\/p>\n<p class=\"c5\">Gr\u00e2ce aux infrastructures routiers et les\u00a0 \u00e9quipements mis en place,\u00a0 la r\u00e9gion a fait peau neuve et a \u00e9t\u00e9 propuls\u00e9e parmi les destinations les plus pris\u00e9es dans le Royaume.<\/p>\n<p class=\"c5\"><strong>La Commune, en tant qu\u2019entit\u00e9 territoriale, a-t-elle un r\u00f4le \u00e0 remplir dans le d\u00e9veloppement touristique de la r\u00e9gion?<\/strong><\/p>\n<p class=\"c5\">En fait, la Commune est\u00a0 un acteur incontournable dans la promotion de l\u2019activit\u00e9 touristique. Son r\u00f4le consiste, conform\u00e9ment aux lois en vigueur, \u00e0 assurer la\u00a0 propret\u00e9 des plages de baignades, la maintenance des espaces verts et de\u00a0 l\u2019\u00e9clairage public, l\u2019am\u00e9lioration des facettes et l\u2019embellissement de la ville, entre autres.<\/p>\n<p class=\"c5\">La ville de Martil, en termes de flux, fait l\u2019objet d\u2019une \u00e9norme pression touristique. Ainsi, la Commune a mis tout un dispositif pour le suivi et le contr\u00f4le des activit\u00e9s de nettoyage des plages et\u00a0 qui sont effectu\u00e9es par l\u2019op\u00e9rateur concern\u00e9.\u00a0 Cela requiert une mobilisation permanente de tous les intervenants.\u00a0 Ainsi,\u00a0 nous sommes appel\u00e9s\u00a0 de prendre en consid\u00e9ration les observations et recommandations\u00a0 \u00e9mises par la Fondation Mohammed VI pour la protection de \u00a0l\u2019environnement en vue de se conformer aux standards environnementaux requis. \u00a0\u00a0Nous avons \u00e9galement, avec le soutien du gouverneur de la ville, cr\u00e9\u00e9 un centre d\u2019accueil pour les enfants en situation difficile, en ayant comme r\u00e9f\u00e9rentiel la lettre de SM le Roi Mohammed VI, adress\u00e9e aux participants du 8e sommet Africit\u00e9s \u00e0 Marrakech \u00e0 l\u2019occasion de la mise en place de la \u00abCampagne des villes africaines sans enfants en situation de rue\u00bb.<\/p>\n<p class=\"c5\"><strong>Combien de visiteurs re\u00e7oit la ville durant la p\u00e9riode de l\u2019\u00e9t\u00e9?<\/strong><\/p>\n<p class=\"c5\">Selon le recensement de 2014, la ville de Martil compte 64 mille habitants, alors que \u00a0durant la p\u00e9riode d\u2019\u00e9t\u00e9, elle accueille environ 700 mille vacanciers, en provenance de toutes les r\u00e9gions du Maroc, soit dix fois de plus de la population locale.<\/p>\n<p class=\"c5\">S\u2019agissant des plages de baignades (Martil et Cabo Negro), \u00e9tal\u00e9es sur plus 6 km, elles accueillent, pendant la p\u00e9riode d\u2019estivage, environ 86 \u00a0mille vacanciers. Cela impose \u00e0 la Commune de d\u00e9ployer des efforts \u00a0consid\u00e9rables afin de \u00a0r\u00e9pondre au mieux\u00a0 aux besoins des estivants tout en assurant leur confort. Outre les services commerciaux, qui sont octroy\u00e9s par une commission provinciale, dans le cadre de la transparence, la Commune a \u00e9quip\u00e9 les plages par des blocs contenant\u00a0 des repr\u00e9sentants des services\u00a0 de la protection civile, de la sant\u00e9 et de la s\u00e9curit\u00e9\u2026<\/p>\n<p class=\"c5\"><strong>La Commune dispose-t-elle d\u2019un programme d\u2019animation artistique durant la saison de l\u2019\u00e9t\u00e9?<\/strong><\/p>\n<p class=\"c5\">La Commune en tant qu\u2019acteur de d\u00e9veloppement touristique, a mis en place tout un programme culturel et artistique, qui a \u00e9t\u00e9 initi\u00e9 par le service culturel \u00a0et ce en collaboration avec les associations de la soci\u00e9t\u00e9 civile.<\/p>\n<p class=\"c5\">Outre les festivals initi\u00e9s par certains op\u00e9rateurs \u00e9conomiques sur les plages, le Conseil communal, ambitionne \u00e0 se positionner en tant que promoteur de la culture, qui est d\u2019ailleurs une variable d\u00e9terminante pour le marketing touristique de la r\u00e9gion.<\/p>\n<p class=\"c5\">Apr\u00e8s la f\u00eate du sacrifice, la ville de Martil va abriter un festival qui sera consacr\u00e9 \u00e0 \u00abla chanson ghiwani\u00bb, et qui connaitra la participation de plusieurs troupes musicales et des figures \u00e9minentes de la sc\u00e8ne artistique, notamment Omar Sayyed. Le festival aura lieu les 19, 20 et 21 ao\u00fbt courant pr\u00e8s de \u00abBorj Martil\u00bb.<\/p>\n<p class=\"c5\">Qui plus est,\u00a0 nous avons organis\u00e9 des festivals d\u00e9di\u00e9s \u00e0 la peinture murale, ou encore des c\u00e9r\u00e9monies consacr\u00e9es au patrimoine musical andalou. \u00a0Et ce n\u2019est pas tout. Nous avons, en outre, conclu un partenariat avec l\u2019institut national des beaux arts \u00e0 T\u00e9touan. Le but escompt\u00e9 est de mettre en exergue l\u2019identit\u00e9 culturelle de la ville et\u00a0 celui de sensibiliser les gens \u00e0 l\u2019importance de l\u2019art dans leur v\u00e9cu quotidien.<\/p>\n<p class=\"c5\"><strong>Quelles sont les entraves de d\u00e9veloppement du secteur touristique dans la ville de Martil?<\/strong><\/p>\n<p class=\"c5\">Il s\u2019agit d\u2019entraves structurelles qui sont li\u00e9es \u00e0 un d\u00e9s\u00e9quilibre spatial. \u00a0Cela \u00e9tant, une ville touristique n\u00e9cessite un renforcement des \u00e9tablissements h\u00f4teliers et des constructions adapt\u00e9es aux besoins des estivants.\u00a0 A titre d\u2019exemple, la loi doit exiger la construction des sous-sols permettant le stationnement des voitures, et \u00e9viter, par cons\u00e9quent, les embouteillages\u2026 Autre point non moins important, celui du comportement de certains citoyens, qui laisse \u00e0 d\u00e9sirer,\u00a0 en faisant preuve d\u2019un manque de respect aux normes \u00e9cologiques. \u00a0Je dois \u00e9galement mettre l\u2019accent sur le fait que les recettes de la Commune de Martil \u00a0ne permettent point aux d\u00e9cideurs de la Cit\u00e9 \u00a0\u00a0d\u2019assurer convenablement les multiples charges financi\u00e8res. L\u2019Etat doit se pencher sur ce probl\u00e8me en cr\u00e9ant un fonds sp\u00e9cial pour le soutien des villes qui sont \u00a0consid\u00e9r\u00e9es comme\u00a0 une\u00a0 destination touristique \u00e0 part enti\u00e8re.<\/p>\n<p class=\"c6\"><strong>Propos recueillis par Khalid Darfaf<\/strong><\/p>\n<p>Auteur: M&rsquo;hammed rahal<br \/>\n<a href=\"http:\/\/albayane.press.ma\/hicham-bouanane-president-de-la-commune-de-martil.html\">Cliquez ici pour lire l&rsquo;article depuis sa source.<\/a><\/p>\n","protected":false},"excerpt":{"rendered":"<p>\u00abLa Commune, acteur incontournable dans la promotion du toursime\u00bb Hicham Bouanane, pr\u00e9sident de la Commune de Martil, consid\u00e8re que\u00a0 la Commune est un acteur incontournable dans la promotion de l\u2019activit\u00e9 touristique. Pour lui, l\u2019attractivit\u00e9 de\u00a0 la ville s\u2019explique par plusieurs facteurs, \u00e0 commencer par la diversit\u00e9\u00a0 et la richesse de son offre touristique. Mais cela [&hellip;]<\/p>\n","protected":false},"author":1760,"featured_media":0,"comment_status":"closed","ping_status":"closed","sticky":false,"template":"","format":"standard","meta":{"fifu_image_url":"","fifu_image_alt":"","footnotes":""},"categories":[73,54],"tags":[],"class_list":["post-51712","post","type-post","status-publish","format-standard","hentry","category-actualite","category-maroc"],"_links":{"self":[{"href":"https:\/\/linitiative.ca\/International\/wp-json\/wp\/v2\/posts\/51712","targetHints":{"allow":["GET"]}}],"collection":[{"href":"https:\/\/linitiative.ca\/International\/wp-json\/wp\/v2\/posts"}],"about":[{"href":"https:\/\/linitiative.ca\/International\/wp-json\/wp\/v2\/types\/post"}],"author":[{"embeddable":true,"href":"https:\/\/linitiative.ca\/International\/wp-json\/wp\/v2\/users\/1760"}],"replies":[{"embeddable":true,"href":"https:\/\/linitiative.ca\/International\/wp-json\/wp\/v2\/comments?post=51712"}],"version-history":[{"count":0,"href":"https:\/\/linitiative.ca\/International\/wp-json\/wp\/v2\/posts\/51712\/revisions"}],"wp:attachment":[{"href":"https:\/\/linitiative.ca\/International\/wp-json\/wp\/v2\/media?parent=51712"}],"wp:term":[{"taxonomy":"category","embeddable":true,"href":"https:\/\/linitiative.ca\/International\/wp-json\/wp\/v2\/categories?post=51712"},{"taxonomy":"post_tag","embeddable":true,"href":"https:\/\/linitiative.ca\/International\/wp-json\/wp\/v2\/tags?post=51712"}],"curies":[{"name":"wp","href":"https:\/\/api.w.org\/{rel}","templated":true}]}}