{"id":51714,"date":"2019-08-15T07:15:44","date_gmt":"2019-08-15T11:15:44","guid":{"rendered":"https:\/\/linitiative.ca\/International\/quel-avenir-pour-lircam-apres-le-cnlcm\/"},"modified":"2019-08-15T07:15:44","modified_gmt":"2019-08-15T11:15:44","slug":"quel-avenir-pour-lircam-apres-le-cnlcm","status":"publish","type":"post","link":"https:\/\/linitiative.ca\/International\/quel-avenir-pour-lircam-apres-le-cnlcm\/","title":{"rendered":"Quel avenir pour l\u2019IRCAM apr\u00e8s le CNLCM?"},"content":{"rendered":"<p class=\"c4\"><span class=\"c3\"><strong><span class=\"c2\">U<\/span>n pas important.\u00a0 Les deux\u00a0 projets de lois organiques\u00a0 \u00e0 savoir 26.16 et 04.16 ont \u00e9t\u00e9\u00a0 adopt\u00e9s\u00a0 \u00e0 l\u2019unanimit\u00e9, en seconde lecture,\u00a0 le\u00a0 jeudi 25 juillet dernier,\u00a0 par la Commission de l\u2019enseignement, de la culture et de la communication \u00e0 la Chambre des repr\u00e9sentants.<\/strong><\/span><\/p>\n<p class=\"c4\">Ces deux projets de loi organiques concernent notamment le projet de loi organique 26.16 d\u00e9finissant le processus de mise en \u0153uvre du caract\u00e8re officiel de l\u2019Amazigh ainsi que les modalit\u00e9s de son int\u00e9gration dans l\u2019enseignement et aux secteurs prioritaires de la vie publique et le projet de loi organique 04.16 relatif au Conseil national des langues et de la culture marocaine. En effet, le d\u00e9bat autour de l\u2019avenir de l\u2019Institut Royal de la Culture Amazighe (IRCAM) apr\u00e8s la cr\u00e9ation du Conseil national des langues et de la culture marocaines (CNLCM) refait surface.\u00a0 Rappelons que la cr\u00e9ation du CNLCM est dict\u00e9e par la Constitution de 2011, notamment l\u2019article 5.<\/p>\n<p class=\"c4\">En effet, cette nouvelle institution se chargera de conserver et promouvoir les langues entre autres arabe, amazighe et hassani ainsi que les diff\u00e9rentes expressions culturelles marocaines. En outre, plusieurs acteurs et activistes amazighs estiment que l\u2019IRCAM est un acquis important et une institution de r\u00e9f\u00e9rence en mati\u00e8re de\u00a0 l\u2019amazighe soit au niveau national ou r\u00e9gional.<\/p>\n<p class=\"c4\">Pour Ahmed Boukouss, Recteur de l\u2019IRCAM, \u00abL\u2019IRCAM est une institution nationale qui a besoin d\u2019\u00eatre renforc\u00e9e \u00e0 tous les niveaux.\u00bb \u00abIl faudrait renforcer ses structures en les d\u00e9localisant de mani\u00e8re \u00e0 pouvoir garder un lien organique avec les r\u00e9gions et leurs populations, les acteurs culturels et influer sur les d\u00e9cisions des responsables locaux et r\u00e9gionaux afin que les politiques publiques d\u00e9cid\u00e9es au niveau central et r\u00e9gional puissent avoir un effet catalyseur sur la promotion de l\u2019amazighe et sur les conditions de vie et de travail de ses cr\u00e9ateurs\u00bb, a-t-il ajout\u00e9 dans un entretien accord\u00e9 \u00e0 Al Bayane.<\/p>\n<p class=\"c4\">Par ailleurs, Ahmed Boukouss n\u2019y va pas par quatre chemins. Il s\u2019estime qu\u2019enfin il faut\u00a0 \u00ab assurer les conditions d\u2019autonomie administrative et financi\u00e8re de l\u2019IRCAM et aligner ses missions et pr\u00e9rogatives sur celles de l\u2019arabe, en tant que langues officielles \u00e0 statut \u00e9gal\u00bb.<\/p>\n<p class=\"c4\">Dans un article publi\u00e9 derni\u00e8rement par le conseiller parlementaire du PPS Abdelatif Ouammou, mets l\u2019accent sur l\u2019avenir ambigu\u00a0 et incertain de l\u2019IRCAM et de l\u2019Acad\u00e9mie Mohammed VI de langue arabe. Selon lui, les articles 11 \u00e0 14 du chapitre 4 concernant la \u00ab\u00a0r\u00e9organisation\u00a0\u00bb des institutions \u00e0 savoir \u00a0l\u2019Acad\u00e9mie Mohammed VI \u00a0de langue arabe et de l\u2019Institut royal de la culture amazighe, ainsi que les articles du chapitre V, notamment l\u2019article 18 visant \u00ab\u00a0transformer\u00a0\u00bb ces deux institutions en deux annexes plac\u00e9es sous l\u2019autorit\u00e9 du pr\u00e9sident du CNLCM. Ceci, a-t-il ajout\u00e9, touche les acquis du mouvement amazigh en particulier et du peuple marocain en g\u00e9n\u00e9ral.<\/p>\n<p class=\"c4\">Certes que l\u2019article 13 de la loi 04-16 \u00e9voque la r\u00e9organisation de l\u2019IRACM, mais le Conseil mettra la main, comme le pr\u00e9cise d\u2019ailleurs l\u2019article 50, sur tous les biens notamment immobiliers, financiers et culturels de l\u2019IRACM.<\/p>\n<p class=\"c4\">Pour ce qui est des ressources humaines de l\u2019Institut, et comme il est mentionn\u00e9 dans l\u2019article 49,\u00a0 elles sont int\u00e9gr\u00e9es au Conseil.<\/p>\n<p class=\"c4\">Selon Abdelatif Ouammou, l\u2019IRCAM doit jouir de son ind\u00e9pendance, ainsi que les pouvoirs n\u00e9cessaires pour jouer ses r\u00f4les pleinement.<\/p>\n<p class=\"c5\"><strong>Mohamed\u00a0Nait Youssef<\/strong><\/p>\n<p>Auteur: M&rsquo;hammed rahal<br \/>\n<a href=\"http:\/\/albayane.press.ma\/quel-avenir-pour-lircam-apres-le-cnlcm.html\">Cliquez ici pour lire l&rsquo;article depuis sa source.<\/a><\/p>\n","protected":false},"excerpt":{"rendered":"<p>Un pas important.\u00a0 Les deux\u00a0 projets de lois organiques\u00a0 \u00e0 savoir 26.16 et 04.16 ont \u00e9t\u00e9\u00a0 adopt\u00e9s\u00a0 \u00e0 l\u2019unanimit\u00e9, en seconde lecture,\u00a0 le\u00a0 jeudi 25 juillet dernier,\u00a0 par la Commission de l\u2019enseignement, de la culture et de la communication \u00e0 la Chambre des repr\u00e9sentants. Ces deux projets de loi organiques concernent notamment le projet de [&hellip;]<\/p>\n","protected":false},"author":1760,"featured_media":0,"comment_status":"closed","ping_status":"closed","sticky":false,"template":"","format":"standard","meta":{"fifu_image_url":"","fifu_image_alt":"","footnotes":""},"categories":[73,54],"tags":[],"class_list":["post-51714","post","type-post","status-publish","format-standard","hentry","category-actualite","category-maroc"],"_links":{"self":[{"href":"https:\/\/linitiative.ca\/International\/wp-json\/wp\/v2\/posts\/51714","targetHints":{"allow":["GET"]}}],"collection":[{"href":"https:\/\/linitiative.ca\/International\/wp-json\/wp\/v2\/posts"}],"about":[{"href":"https:\/\/linitiative.ca\/International\/wp-json\/wp\/v2\/types\/post"}],"author":[{"embeddable":true,"href":"https:\/\/linitiative.ca\/International\/wp-json\/wp\/v2\/users\/1760"}],"replies":[{"embeddable":true,"href":"https:\/\/linitiative.ca\/International\/wp-json\/wp\/v2\/comments?post=51714"}],"version-history":[{"count":0,"href":"https:\/\/linitiative.ca\/International\/wp-json\/wp\/v2\/posts\/51714\/revisions"}],"wp:attachment":[{"href":"https:\/\/linitiative.ca\/International\/wp-json\/wp\/v2\/media?parent=51714"}],"wp:term":[{"taxonomy":"category","embeddable":true,"href":"https:\/\/linitiative.ca\/International\/wp-json\/wp\/v2\/categories?post=51714"},{"taxonomy":"post_tag","embeddable":true,"href":"https:\/\/linitiative.ca\/International\/wp-json\/wp\/v2\/tags?post=51714"}],"curies":[{"name":"wp","href":"https:\/\/api.w.org\/{rel}","templated":true}]}}