{"id":51715,"date":"2019-08-15T07:21:23","date_gmt":"2019-08-15T11:21:23","guid":{"rendered":"https:\/\/linitiative.ca\/International\/entretien-avec-ahmed-boukouss-recteur-de-lircam\/"},"modified":"2019-08-15T07:21:23","modified_gmt":"2019-08-15T11:21:23","slug":"entretien-avec-ahmed-boukouss-recteur-de-lircam","status":"publish","type":"post","link":"https:\/\/linitiative.ca\/International\/entretien-avec-ahmed-boukouss-recteur-de-lircam\/","title":{"rendered":"Entretien avec Ahmed Boukouss, recteur de l\u2019IRCAM"},"content":{"rendered":"<p class=\"c3\"><span class=\"c2\"><strong>\u00abNous souhaitons que l\u2019IRCAM garde toutes ses pr\u00e9rogatives\u00bb<\/strong><\/span><\/p>\n<h6 class=\"c4\"><strong>Propos recueillis par Mohamed Nait Youssef<\/strong><\/h6>\n<p class=\"c6\"><span class=\"c5\"><strong><span class=\"c2\">L<\/span><\/strong>es Marocaines et Marocains ont f\u00eat\u00e9 le 30 juillet dernier le 20<sup>\u00e8me<\/sup>\u00a0 anniversaire de l\u2019intronisation de Mohammed VI. Un moment de grande port\u00e9e historique pour arr\u00eater\u00a0 les grands chantiers, les avanc\u00e9es qui ont \u00e9t\u00e9 r\u00e9alis\u00e9s, ainsi\u00a0 que les d\u00e9fis qui\u00a0 restent encore \u00e0\u00a0 r\u00e9v\u00e9ler.\u00a0 Pour Ahmed Boukouss, recteur de l\u2019IRCAM,\u00a0 le nouveau r\u00e8gne est porteur d\u2019une vision strat\u00e9gique du renouveau culturel fond\u00e9 sur l\u2019unit\u00e9 dans le respect des droits culturels et linguistiques des composantes de la communaut\u00e9 nationale. En outre, sur l\u2019avenir de l\u2019IRCAM apr\u00e8s la cr\u00e9ation du Conseil national des langues et des cultures marocaines (CNLCM), le recteur estime que \u00abl\u2019IRCAM est une institution nationale qui a besoin d\u2019\u00eatre renforc\u00e9e \u00e0 tous les niveaux.\u00bb Selon lui, il faut\u00a0 \u00abassurer les conditions d\u2019autonomie administrative et financi\u00e8re de l\u2019IRCAM et aligner ses missions et pr\u00e9rogatives sur celles de l\u2019arabe, en tant que langues officielles \u00e0 statut \u00e9gal\u00bb Certes des r\u00e9alis\u00e9es ont \u00e9t\u00e9 accomplies en mati\u00e8re de l\u2019amazighe, mais il reste encore un chemin \u00e0 faire dans les prochaines ann\u00e9es. \u00abBeaucoup de choses parmi lesquelles, il y a lieu de rappeler: capitaliser sur les acquis r\u00e9alis\u00e9s depuis 2001, approfondir la recherche action, soutenir les cr\u00e9ateurs culturels, r\u00e9nover le champ m\u00e9diatique dans ses diff\u00e9rentes composantes, consolider les relations entre l\u2019IRCAM et sa base socioculturelle \u00e0 travers une politique de communication efficiente dans un esprit unitaire\u00bb, a-t-il affirm\u00e9.<\/span><\/p>\n<p class=\"c6\"><strong><span class=\"c2\">Al Bayane\u00a0:<\/span> Les Marocaines et Marocains ont f\u00eat\u00e9 \u00a0le 30 juillet dernier, le 20<sup>\u00e8me<\/sup> \u00a0anniversaire de l\u2019intronisation de Mohammed VI. De prime abord, que repr\u00e9sente cet \u00e9v\u00e9nement pour vous?<\/strong><\/p>\n<p class=\"c6\"><span class=\"c2\"><strong>Ahmed Boukouss\u00a0:<\/strong><\/span> Un \u00e9v\u00e9nement qui consacre le lien ind\u00e9fectible qui lie le peuple et la monarchie. Un moment de communion nationale que tous les Marocains c\u00e9l\u00e8brent dans l\u2019unit\u00e9 et la prosp\u00e9rit\u00e9.<\/p>\n<p class=\"c6\"><strong>Durant les vingt ans du r\u00e8gne de Mohammed VI, une s\u00e9rie de grands chantiers a \u00e9t\u00e9 entam\u00e9e, ainsi que la cr\u00e9ation d\u2019un nombre d\u2019institutions dont l\u2019IRCAM. Qu\u2019en est-il alors de l\u2019amazighe notamment apr\u00e8s la mise en place de la nouvelle Constitution?<\/strong><\/p>\n<p class=\"c6\">En effet, toutes les actions et d\u00e9cisions en faveur de l\u2019amazighit\u00e9 sont l\u2019\u0153uvre de Sa Majest\u00e9, \u00e0 commencer par la cr\u00e9ation de l\u2019IRCAM, de la chaine TV8 puis l\u2019officialisation de l\u2019amazighe dans la nouvelle constitution. Ainsi nous pouvons dire que le nouveau r\u00e8gne est porteur d\u2019une vision strat\u00e9gique du renouveau culturel fond\u00e9 sur l\u2019unit\u00e9 dans le respect des droits culturels et linguistiques des composantes de la communaut\u00e9 nationale.<\/p>\n<p class=\"c6\"><strong>Apr\u00e8s un retard jug\u00e9 inadmissible par les acteurs amazighes, la Chambre des repr\u00e9sentants a adopt\u00e9 enfin, lundi 10 juin,\u00a0 les projets de lois organiques portant la cr\u00e9ation du Conseil national des langues et mettant en \u0153uvre le caract\u00e8re officiel de l\u2019amazighe. Pensez-vous que cette d\u00e9cision sera un tournant dans l\u2019histoire de l\u2019amazighe?<\/strong><\/p>\n<p class=\"c6\">Assur\u00e9ment. Les lois organiques sont inscrites dans la constitution; de ce fait, elles doivent \u00eatre effectives pour\u00a0 permettre la mise en \u0153uvre de l\u2019officialisation de l\u2019amazighe devant d\u00e9bloquer la situation stagnante, sinon r\u00e9trograde de l\u2019amazighe entretenue par les adversaires de l\u2019amazighe. Nous souhaitons que l\u2019IRCAM garde toutes ses pr\u00e9rogatives et soit dot\u00e9 de moyens \u00e0 m\u00eame de lui permettre d\u2019assumer les nouveaux d\u00e9fis\u00a0: la mise \u00e0 niveau de la langue apr\u00e8s son officialisation, la promotion des expressions culturelles et leur implantation effective dans l\u2019environnement social.<\/p>\n<p class=\"c6\"><strong>Quel avenir pour l\u2019IRCAM apr\u00e8s la cr\u00e9ation du Conseil national des langues et des cultures marocaines (CNLCM)?<\/strong><\/p>\n<p class=\"c6\">L\u2019IRCAM est une institution nationale qui a besoin d\u2019\u00eatre renforc\u00e9e \u00e0 tous les niveaux. Il faudrait renforcer ses structures en les d\u00e9localisant de mani\u00e8re \u00e0 pouvoir garder un lien organique avec les r\u00e9gions et leurs populations, les acteurs culturels et influer sur les d\u00e9cisions des responsables locaux et r\u00e9gionaux afin que les politiques publiques d\u00e9cid\u00e9es au niveau central et r\u00e9gional puissent avoir un effet catalyseur sur la promotion de l\u2019amazighe et sur les conditions de vie et de travail de ses cr\u00e9ateurs. Enfin assurer les conditions d\u2019autonomie administrative et financi\u00e8re de l\u2019IRCAM et aligner ses missions et pr\u00e9rogatives sur celles de l\u2019arabe, en tant que langues officielles \u00e0 statut \u00e9gal.<\/p>\n<p class=\"c6\"><strong>A votre avis que reste-t-il encore \u00e0 faire dans le domaine de l\u2019amazighe dans les prochaines ann\u00e9es?<\/strong><\/p>\n<p class=\"c6\">Beaucoup de choses parmi lesquelles, il y a lieu de rappeler: capitaliser sur les acquis r\u00e9alis\u00e9s depuis 2001, approfondir la recherche action, soutenir les cr\u00e9ateurs culturels, r\u00e9nover le champ m\u00e9diatique dans ses diff\u00e9rentes composantes, consolider les relations entre l\u2019IRCAM et sa base socioculturelle \u00e0 travers une politique de communication efficiente dans un esprit unitaire.<\/p>\n<p>Auteur: M&rsquo;hammed rahal<br \/>\n<a href=\"http:\/\/albayane.press.ma\/entretien-avec-ahmed-boukouss-recteur-de-lircam.html\">Cliquez ici pour lire l&rsquo;article depuis sa source.<\/a><\/p>\n","protected":false},"excerpt":{"rendered":"<p>\u00abNous souhaitons que l\u2019IRCAM garde toutes ses pr\u00e9rogatives\u00bb Propos recueillis par Mohamed Nait Youssef Les Marocaines et Marocains ont f\u00eat\u00e9 le 30 juillet dernier le 20\u00e8me\u00a0 anniversaire de l\u2019intronisation de Mohammed VI. Un moment de grande port\u00e9e historique pour arr\u00eater\u00a0 les grands chantiers, les avanc\u00e9es qui ont \u00e9t\u00e9 r\u00e9alis\u00e9s, ainsi\u00a0 que les d\u00e9fis qui\u00a0 restent [&hellip;]<\/p>\n","protected":false},"author":1760,"featured_media":0,"comment_status":"closed","ping_status":"closed","sticky":false,"template":"","format":"standard","meta":{"fifu_image_url":"","fifu_image_alt":"","footnotes":""},"categories":[73,54],"tags":[],"class_list":["post-51715","post","type-post","status-publish","format-standard","hentry","category-actualite","category-maroc"],"_links":{"self":[{"href":"https:\/\/linitiative.ca\/International\/wp-json\/wp\/v2\/posts\/51715","targetHints":{"allow":["GET"]}}],"collection":[{"href":"https:\/\/linitiative.ca\/International\/wp-json\/wp\/v2\/posts"}],"about":[{"href":"https:\/\/linitiative.ca\/International\/wp-json\/wp\/v2\/types\/post"}],"author":[{"embeddable":true,"href":"https:\/\/linitiative.ca\/International\/wp-json\/wp\/v2\/users\/1760"}],"replies":[{"embeddable":true,"href":"https:\/\/linitiative.ca\/International\/wp-json\/wp\/v2\/comments?post=51715"}],"version-history":[{"count":0,"href":"https:\/\/linitiative.ca\/International\/wp-json\/wp\/v2\/posts\/51715\/revisions"}],"wp:attachment":[{"href":"https:\/\/linitiative.ca\/International\/wp-json\/wp\/v2\/media?parent=51715"}],"wp:term":[{"taxonomy":"category","embeddable":true,"href":"https:\/\/linitiative.ca\/International\/wp-json\/wp\/v2\/categories?post=51715"},{"taxonomy":"post_tag","embeddable":true,"href":"https:\/\/linitiative.ca\/International\/wp-json\/wp\/v2\/tags?post=51715"}],"curies":[{"name":"wp","href":"https:\/\/api.w.org\/{rel}","templated":true}]}}