{"id":51717,"date":"2019-08-15T06:59:12","date_gmt":"2019-08-15T10:59:12","guid":{"rendered":"https:\/\/linitiative.ca\/International\/bct-hausse-des-avoirs-nets-en-devises-de-35\/"},"modified":"2019-08-15T06:59:12","modified_gmt":"2019-08-15T10:59:12","slug":"bct-hausse-des-avoirs-nets-en-devises-de-35","status":"publish","type":"post","link":"https:\/\/linitiative.ca\/International\/bct-hausse-des-avoirs-nets-en-devises-de-35\/","title":{"rendered":"BCT: Hausse des avoirs nets en devises de 35%"},"content":{"rendered":"<p>Les avoirs nets en\u00a0<strong>devises\u00a0<\/strong>ont progress\u00e9 de 35,3%, \u00e0 la date du 9 ao\u00fbt 2019, pour atteindre pr\u00e8s de 17 milliards de dinars, ce qui correspond \u00e0 95 jours d\u2019importation, lit-on sur le site web de la Banque centrale de Tunisie (<strong>BCT<\/strong>).<\/p>\n<p>A la m\u00eame date de l\u2019ann\u00e9e 2018, les avoirs en devises s\u2019\u00e9levaient \u00e0 moins de 11 milliards de dinars, soit l\u2019\u00e9quivalent de<strong>\u00a071 jours d\u2019importation<\/strong>.<\/p>\n<p>Pour rappel, le Fonds mon\u00e9taire international (<strong>FMI<\/strong>) a approuv\u00e9, en juin 2019, le versement d\u2019une enveloppe de 247 millions de dollars (environ 730 millions de dinars) au profit de la Tunisie, ce qui repr\u00e9sente la sixi\u00e8me tranche du m\u00e9canisme \u00e9largi de cr\u00e9dit.<\/p>\n<p>Par ailleurs, la BCT fait \u00e9tat la hausse du volume des billets et monnaies en circulation de 14,5%, pour atteindre les 14,2 milliards de dinars, \u00e0 la date du 9 ao\u00fbt 2019 contre 12,4 milliards de dinars en 2018.\u00a0<\/p>\n<p><strong><em>source<\/em><\/strong> : shames fm<\/p>\n<p class=\"dpsp-share-text\">Partager c&rsquo;est aimer!<\/p>\n<div class=\"wp-post-author-wrap wp-post-author-shortcode left\">\n<h3 class=\"awpa-title\"\/>\n<div class=\"wp-post-author\">\n<div class=\"awpa-img awpa-author-block square\"><a href=\"http:\/\/lexpertjournal.net\/fr\/author\/expert\/\"><img loading=\"lazy\" decoding=\"async\" alt=\"\" src=\"http:\/\/2.gravatar.com\/avatar\/56d99be2a6f97af88ccb49fada637fcd?s=150&#038;d=mm&#038;r=g\" srcset=\"http:\/\/2.gravatar.com\/avatar\/56d99be2a6f97af88ccb49fada637fcd?s=300&#038;d=mm&#038;r=g 2x\" class=\"avatar avatar-150 photo\" height=\"150\" width=\"150\"\/><\/a><\/div>\n<\/div>\n<\/div>\n<p>Auteur: L&rsquo;expert<br \/>\n<a href=\"http:\/\/lexpertjournal.net\/fr\/2019\/08\/15\/bct-hausse-des-avoirs-nets-en-devises-de-35\/\">Cliquez ici pour lire l&rsquo;article depuis sa source.<\/a><\/p>\n","protected":false},"excerpt":{"rendered":"<p>Les avoirs nets en\u00a0devises\u00a0ont progress\u00e9 de 35,3%, \u00e0 la date du 9 ao\u00fbt 2019, pour atteindre pr\u00e8s de 17 milliards de dinars, ce qui correspond \u00e0 95 jours d\u2019importation, lit-on sur le site web de la Banque centrale de Tunisie (BCT). A la m\u00eame date de l\u2019ann\u00e9e 2018, les avoirs en devises s\u2019\u00e9levaient \u00e0 moins [&hellip;]<\/p>\n","protected":false},"author":1775,"featured_media":0,"comment_status":"closed","ping_status":"closed","sticky":false,"template":"","format":"standard","meta":{"fifu_image_url":"","fifu_image_alt":"","footnotes":""},"categories":[78,55],"tags":[],"class_list":["post-51717","post","type-post","status-publish","format-standard","hentry","category-economie","category-tunisie"],"_links":{"self":[{"href":"https:\/\/linitiative.ca\/International\/wp-json\/wp\/v2\/posts\/51717","targetHints":{"allow":["GET"]}}],"collection":[{"href":"https:\/\/linitiative.ca\/International\/wp-json\/wp\/v2\/posts"}],"about":[{"href":"https:\/\/linitiative.ca\/International\/wp-json\/wp\/v2\/types\/post"}],"author":[{"embeddable":true,"href":"https:\/\/linitiative.ca\/International\/wp-json\/wp\/v2\/users\/1775"}],"replies":[{"embeddable":true,"href":"https:\/\/linitiative.ca\/International\/wp-json\/wp\/v2\/comments?post=51717"}],"version-history":[{"count":0,"href":"https:\/\/linitiative.ca\/International\/wp-json\/wp\/v2\/posts\/51717\/revisions"}],"wp:attachment":[{"href":"https:\/\/linitiative.ca\/International\/wp-json\/wp\/v2\/media?parent=51717"}],"wp:term":[{"taxonomy":"category","embeddable":true,"href":"https:\/\/linitiative.ca\/International\/wp-json\/wp\/v2\/categories?post=51717"},{"taxonomy":"post_tag","embeddable":true,"href":"https:\/\/linitiative.ca\/International\/wp-json\/wp\/v2\/tags?post=51717"}],"curies":[{"name":"wp","href":"https:\/\/api.w.org\/{rel}","templated":true}]}}