{"id":51718,"date":"2019-08-15T07:17:52","date_gmt":"2019-08-15T11:17:52","guid":{"rendered":"https:\/\/linitiative.ca\/International\/mohamed-fadhel-mahfoudh-presente-sa-demission\/"},"modified":"2019-08-15T07:17:52","modified_gmt":"2019-08-15T11:17:52","slug":"mohamed-fadhel-mahfoudh-presente-sa-demission","status":"publish","type":"post","link":"https:\/\/linitiative.ca\/International\/mohamed-fadhel-mahfoudh-presente-sa-demission\/","title":{"rendered":"Mohamed Fadhel Mahfoudh pr\u00e9sente sa d\u00e9mission"},"content":{"rendered":"<p>Le ministre des Relations avec les instances constitutionnelles, la soci\u00e9t\u00e9 civile et des droits de l\u2019Homme,<strong>Mohamed Fadhel Mahfoudh<\/strong>\u00a0a pr\u00e9sent\u00e9 sa\u00a0<strong>d\u00e9mission<\/strong>, jeudi 15 aout.<br \/>Candidat aux\u00a0<strong>l\u00e9gislatives<\/strong>, Mohamed Fadhel Mahfoudh a annonc\u00e9 qu\u2019il va se consacrer \u00e0 sa campagne \u00e9lectorale.<\/p>\n<p>source : shames fm<\/p>\n<p class=\"dpsp-share-text\">Partager c&rsquo;est aimer!<\/p>\n<div class=\"wp-post-author-wrap wp-post-author-shortcode left\">\n<h3 class=\"awpa-title\"\/>\n<div class=\"wp-post-author\">\n<div class=\"awpa-img awpa-author-block square\"><a href=\"http:\/\/lexpertjournal.net\/fr\/author\/expert\/\"><img loading=\"lazy\" decoding=\"async\" alt=\"\" src=\"http:\/\/2.gravatar.com\/avatar\/56d99be2a6f97af88ccb49fada637fcd?s=150&#038;d=mm&#038;r=g\" srcset=\"http:\/\/2.gravatar.com\/avatar\/56d99be2a6f97af88ccb49fada637fcd?s=300&#038;d=mm&#038;r=g 2x\" class=\"avatar avatar-150 photo\" height=\"150\" width=\"150\"\/><\/a><\/div>\n<\/div>\n<\/div>\n<p>Auteur: L&rsquo;expert<br \/>\n<a href=\"http:\/\/lexpertjournal.net\/fr\/2019\/08\/15\/mohamed-fadhel-mahfoudh-presente-sa-demission\/\">Cliquez ici pour lire l&rsquo;article depuis sa source.<\/a><\/p>\n","protected":false},"excerpt":{"rendered":"<p>Le ministre des Relations avec les instances constitutionnelles, la soci\u00e9t\u00e9 civile et des droits de l\u2019Homme,Mohamed Fadhel Mahfoudh\u00a0a pr\u00e9sent\u00e9 sa\u00a0d\u00e9mission, jeudi 15 aout.Candidat aux\u00a0l\u00e9gislatives, Mohamed Fadhel Mahfoudh a annonc\u00e9 qu\u2019il va se consacrer \u00e0 sa campagne \u00e9lectorale. source : shames fm Partager c&rsquo;est aimer! Auteur: L&rsquo;expert Cliquez ici pour lire l&rsquo;article depuis sa source.<\/p>\n","protected":false},"author":1775,"featured_media":0,"comment_status":"closed","ping_status":"closed","sticky":false,"template":"","format":"standard","meta":{"fifu_image_url":"","fifu_image_alt":"","footnotes":""},"categories":[78,55],"tags":[],"class_list":["post-51718","post","type-post","status-publish","format-standard","hentry","category-economie","category-tunisie"],"_links":{"self":[{"href":"https:\/\/linitiative.ca\/International\/wp-json\/wp\/v2\/posts\/51718","targetHints":{"allow":["GET"]}}],"collection":[{"href":"https:\/\/linitiative.ca\/International\/wp-json\/wp\/v2\/posts"}],"about":[{"href":"https:\/\/linitiative.ca\/International\/wp-json\/wp\/v2\/types\/post"}],"author":[{"embeddable":true,"href":"https:\/\/linitiative.ca\/International\/wp-json\/wp\/v2\/users\/1775"}],"replies":[{"embeddable":true,"href":"https:\/\/linitiative.ca\/International\/wp-json\/wp\/v2\/comments?post=51718"}],"version-history":[{"count":0,"href":"https:\/\/linitiative.ca\/International\/wp-json\/wp\/v2\/posts\/51718\/revisions"}],"wp:attachment":[{"href":"https:\/\/linitiative.ca\/International\/wp-json\/wp\/v2\/media?parent=51718"}],"wp:term":[{"taxonomy":"category","embeddable":true,"href":"https:\/\/linitiative.ca\/International\/wp-json\/wp\/v2\/categories?post=51718"},{"taxonomy":"post_tag","embeddable":true,"href":"https:\/\/linitiative.ca\/International\/wp-json\/wp\/v2\/tags?post=51718"}],"curies":[{"name":"wp","href":"https:\/\/api.w.org\/{rel}","templated":true}]}}