{"id":51719,"date":"2019-08-15T07:25:51","date_gmt":"2019-08-15T11:25:51","guid":{"rendered":"https:\/\/linitiative.ca\/International\/un-parcours-sans-faute-et-une-energie-renouvelee-rene-trabelsi-un-ministre-comme-on-redemande\/"},"modified":"2019-08-15T07:25:51","modified_gmt":"2019-08-15T11:25:51","slug":"un-parcours-sans-faute-et-une-energie-renouvelee-rene-trabelsi-un-ministre-comme-on-redemande","status":"publish","type":"post","link":"https:\/\/linitiative.ca\/International\/un-parcours-sans-faute-et-une-energie-renouvelee-rene-trabelsi-un-ministre-comme-on-redemande\/","title":{"rendered":"Un parcours sans faute et une \u00e9nergie renouvel\u00e9e Ren\u00e9 Trabelsi, un ministre comme on redemande\u2026"},"content":{"rendered":"<p><strong><em>L\u2019EXPERT \u2013 Ce n\u2019est pas pour lui jeter des fleurs, mais, un ministre pareil, on en redemande, surtout en ces temps de m\u00e9diocrit\u00e9s et de \u00ab\u00a0B\u00e9ni oui-oui\u00a0\u00bb qui s\u2019affichent pour gaver les Tunisiens de balivernes, de promesses et de mensonges. Pourtant, tout ce beau monde de la politique doivent comprendre que leur temps est compt\u00e9, parce qu\u2019ils ne sont pas \u00e0 la hauteur de la mission qui leur est d\u00e9volu. Pourtant, dans ce paysage m\u00e9diocre, on ne peut que rendre hommage au ministre du Tourisme et de l\u2019Artisanat, pour sa r\u00e9activit\u00e9, sa prestance et sa mani\u00e8re de d\u00e9fendre son pays, la Tunisie.<\/em><\/strong><\/p>\n<p><strong><em>Ren\u00e9 Trabelsi, le ministre du Tourisme et de l\u2019Artisanat, c\u2019est de lui qu\u2019il s\u2019agit, surtout qu\u2019il ne d\u00e9m\u00e9rite pas, depuis qu\u2019il a pris en charge ce minist\u00e8re tr\u00e8s important\u00a0; Il s\u2019est investi corps et \u00e2me, pour d\u00e9fendre les int\u00e9r\u00eats du pays, malgr\u00e9 les al\u00e9as et le d\u00e9nigrement dont il est en train de faire l\u2019objet, par certaines personnes malintentionn\u00e9es.<\/em><\/strong><\/p>\n<p>Le regain d\u2019activit\u00e9 du secteur du tourisme n\u2019est pas l\u2019effet du hasard, certes, mais il a fallu que Ren\u00e9 Trabelsi, un Juif tunisien, soit nomm\u00e9 \u00e0 la t\u00eate de ce d\u00e9partement, pour montrer que tout est possible pour ceux qui osent. Il a os\u00e9, en laissant ses \u00ab\u00a0affaires\u00a0\u00bb et son \u00ab\u00a0business tr\u00e8s lucratif, en tant que tour-op\u00e9rateur et professionnel du tourisme, afin de sauver le secteur moribond. Certes, il a trouv\u00e9 la plateforme d\u00e9j\u00e0 \u00e9tablie par ses pr\u00e9d\u00e9cesseurs, mais, il a fait ne n\u00e9cessaire pour redynamiser le tourisme, en faisant, souvent, m\u00eame, du porte-\u00e0-porte pour convaincre les professionnels que la situation en Tunisie n\u2019est pas pire que dans d\u2019autres pays europ\u00e9ens.<\/p>\n<p>Il a laiss\u00e9 tomber ce qui peut compter, au niveau des b\u00e9n\u00e9fices, alors qu\u2019il est le directeur g\u00e9n\u00e9ral de Royal First Travel et AlloFly.com, une agence de voyage et tour op\u00e9rateur, pour servir le pays, alors que certains responsables politiques font tout pour exploiter leur position, afin d\u2019en tirer un profit personnel.<\/p>\n<p>L\u2019une des deux attaques du 27 juin a eu lieu \u00e0 deux pas de l\u2019entr\u00e9e de la m\u00e9dina de Tunis, un passage oblig\u00e9 pour les touristes. Y a-t-il eu des annulations ou une baisse des r\u00e9servations depuis ?<\/p>\n<p>Ren\u00e9, comme ses amis aiment l\u2019appeler, a indiqu\u00e9\u00a0: \u00ab\u00a0Nous avons mis en place une cellule pour coordonner les contacts avec les h\u00f4tels. Ils n\u2019ont signal\u00e9 aucune annulation et nous indiquent que les r\u00e9servations continuent. Au lendemain de ces attaques, on a pu constater tout au plus des r\u00e9ticences de la part de touristes \u00e0 visiter le quartier de l\u2019avenue Bourguiba. Mais, contrairement \u00e0 2015, aucune annulation s\u00e8che traduisant un manque de confiance n\u2019a \u00e9t\u00e9 signal\u00e9e. Nous avons aussi re\u00e7u le soutien des tour-\u00adop\u00e9rateurs \u00e9trangers, qui nous ont promis de booster la destination et qui estiment que ces deux attentats n\u2019affecteraient pas la saison, d\u2019autant que le tourisme n\u2019a pas \u00e9t\u00e9 cibl\u00e9 directement.<\/p>\n<p>Tout cela n\u2019est pas arriv\u00e9 par la volont\u00e9 du Bon Dieu, mais gr\u00e2ce \u00e0 la perspicacit\u00e9 de ce ministre qui s\u2019\u00e9vertue \u00e0 faire son travail.<\/p>\n<p>Le ministre du Tourisme Ren\u00e9 Trabelsi s\u2019\u00e9tait rendu, ce jour-l\u00e0, au centre-ville de Tunis, traversant l\u2019Avenue Habib Bourguiba, l\u2019avenue Charles De Gaulle et la M\u00e9dina, envoyant un signal fort sur la situation s\u00e9curitaire du pays et sur le \u201cretour \u00e0 la normale\u201d au centre-ville.<\/p>\n<p>Dans une d\u00e9claration accord\u00e9e \u00e0 Shems Fm, il a indiqu\u00e9 que ces attentats n\u2019impacteraient pas la saison touristique.<\/p>\n<p>Il a en outre salu\u00e9 le travail des forces de l\u2019ordre qui \u201cont remport\u00e9 une bataille contre le terrorisme aujourd\u2019hui\u201d : \u201cLa Tunisie n\u2019a peur de personne et peut compter sur ses hommes\u201d a-t-il dit saluant le travail des forces s\u00e9curitaires dans la lutte contre le terrorisme.<\/p>\n<p>Pourtant, au cours de cette journ\u00e9e, la Tunisie a \u00e9t\u00e9 victime de plusieurs attentats. Un premier kamikaze s\u2019est fait exploser \u00e0 l\u2019avenue Charles de Gaulle, au centre-ville de Tunis, un second a vis\u00e9 la direction de lutte antiterroriste d\u2019El Gorjani.<\/p>\n<p>Dans la nuit, des terroristes ont tent\u00e9 de s\u2019attaquer \u00e0 une station d\u2019\u00e9mission radiophonique au Mont Arbata \u00e0 Gafsa.<\/p>\n<p>Ren\u00e9 Trabelsi a accord\u00e9 une interview au quotidien La presse mercredi 19 juin, suite \u00e0 la campagne de diabolisation orchestr\u00e9e contre sa personne. Le ministre a r\u00e9pondu \u00e0 \u201cses d\u00e9tracteurs ayant br\u00fbl\u00e9 son portrait.<\/p>\n<p>Il a appel\u00e9 ces derniers \u00e0 le laisser travailler et finir sa mission. Il a, par ailleurs, affirm\u00e9 qu\u2019il y avait \u201cdes gens qui veulent b\u00e2tir la Tunisie et qu\u2019il y en a d\u2019autres qui veulent la d\u00e9molir \u201d Ces derniers ne sont pas, selon le ministre, ni nombreux ni repr\u00e9sentatifs.<\/p>\n<p>Les campagnes de d\u00e9nigrement n\u2019ont pas eu l\u2019effet attendu, a soulign\u00e9 Ren\u00e9 Trabelsi annon\u00e7ant que plusieurs \u00e9v\u00e9nements auront lieu bient\u00f4t en Tunisie, notamment, un reportage au journal de 20h, jeudi, 20 juin 2019 sur la cha\u00eene fran\u00e7aise TF1 pendant lequel \u201cils vont voir la Tunisie et Sidi Bou Sa\u00efd, ils vont voir la photo de leur ministre qu\u2019ils ont br\u00fbl\u00e9\u201d a-t-il ajout\u00e9. Lors de cette interview, le ministre n\u2019a pas manqu\u00e9 l\u2019occasion de d\u00e9clarer son amour \u00e0 son pays \u201d Je n\u2019aime que mon pays qui est la Tunisie et je n\u2019ai pas le temps d\u2019aimer d\u2019autres\u201d.<\/p>\n<p>Le ministre tunisien du Tourisme et fier de l\u2019\u00eatre a m\u00eame annonc\u00e9 qu\u2019en 2019, le p\u00e8lerinage \u00e0 la synagogue de la Ghriba a connu l\u2019affluence de centaines de juifs.<\/p>\n<p>Il a expliqu\u00e9 que le retour en masse des juifs \u00e0 la Ghriba est une r\u00e9sultante de l\u2019am\u00e9lioration de la situation s\u00e9curitaire et des efforts d\u00e9ploy\u00e9s par le gouvernement tunisien.<\/p>\n<p>Il a ajout\u00e9 : \u00ab Il ne faut pas oublier que la Tunisie est le premier Etat d\u00e9mocratique du monde arabe, c\u2019est ce qui encourage les juifs \u00e0 la visiter \u00bb.<\/p>\n<p>Trabelsi a \u00e9galement affirm\u00e9 que des centaines de juifs qui sont partis, entre 1967 et 1973, sont revenus cette ann\u00e9e en Tunisie.<\/p>\n<p>Entre 7 000 et 8 000 visiteurs en provenance de France, d\u2019Isra\u00ebl, des \u00c9tats-Unis, de Grande-Bretagne, de Russie et d\u2019autres pays se sont rendus \u00e0 Djerba, pour prendre part aux rites religieux et autres manifestations culturelles qui ont durr\u00e9t deux jours, pr\u00e9voit le pr\u00e9sident du comit\u00e9 de cette synagogue, la plus ancienne d\u2019Afrique, Perez Trabelsi.<\/p>\n<p>\u00a0\u00ab Je suis contre la normalisation avec Isra\u00ebl \u00bb, a affirm\u00e9 Ren\u00e9 Trabelsi. \u00ab Il n\u2019y a pas de normalisation parce que cela supposerait qu\u2019il y a des accords sign\u00e9s entre les deux pays. Ce n\u2019est pas le cas, a-t-il d\u00e9clar\u00e9. Que des touristes viennent en p\u00e8lerinage [en r\u00e9f\u00e9rence au p\u00e8lerinage de la Ghriba, organis\u00e9 le mois dernier sur l\u2019\u00eele de Djerba], c\u2019est qu\u2019ils en ont le droit m\u00eame s\u2019ils vivent en Isra\u00ebl. Ce n\u2019est pas de la normalisation, il faut faire attention \u00e0 la manipulation. \u00bb<\/p>\n<p>Le ministre a \u00e9galement condamn\u00e9 \u00ab les \u00e9loges de l\u2019arm\u00e9e isra\u00e9lienne en terre tunisienne \u00bb. En r\u00e9f\u00e9rence aux p\u00e8lerins, le ministre a d\u00e9clar\u00e9 : \u00ab Ils sont venus pour le p\u00e8lerinage, ils doivent se comporter convenablement. \u00bb<\/p>\n<p>\u00a0\u00ab Nous, Tunisiens et Tunisiennes de diff\u00e9rentes confessions et r\u00e9gions, signataires ci-dessous, annon\u00e7ons \u00e0 l\u2019opinion publique nationale et internationale, notre soutien inconditionnel et notre solidarit\u00e9 \u00e0 notre concitoyen Ren\u00e9 Trabelsi, qui depuis sa nomination au poste de ministre du Tourisme et de l\u2019Artisanat, subit une intense campagne de d\u00e9nigrement lanc\u00e9e par des parties r\u00e9trogrades antis\u00e9mites sous couvert de la lutte contre la normalisation avec l\u2019Etat d\u2019Isra\u00ebl \u00bb, peut-on lire dans le texte d\u2019une p\u00e9tition.<\/p>\n<p>\u00ab Pr\u00f4nant des discours de haine et discriminatoires, des d\u00e9tracteurs n\u2019h\u00e9sitent pas \u00e0 chaque fois o\u00f9 l\u2019occasion se pr\u00e9sente, de mettre les b\u00e2tons dans les roues et de jeter de l\u2019huile sur le feu afin de faire \u00e9chouer, \u00e0 tous prix, les efforts exceptionnels fournis par Ren\u00e9 Trabelsi, en vue de promouvoir la destination Tunisie et d\u2019atteindre les objectifs qu\u2019il s\u2019est fix\u00e9 depuis son arriv\u00e9e au minist\u00e8re, \u00e0 savoir 9 millions de touristes en 2019, un chiffre record, jamais enregistr\u00e9 depuis la r\u00e9volution de 2010. \u00bb<\/p>\n<p>Ren\u00e9 Trabelsi, 56 ans, est le troisi\u00e8me homme de confession juive \u00e0 avoir acc\u00e9d\u00e9 au poste de ministre en Tunisie, plus d\u2019un demi-si\u00e8cle apr\u00e8s Albert Bessis (1955) et Andr\u00e9 Barouch (1956), dans un pays qui comptait alors une centaine de milliers de citoyens de confession juive.<\/p>\n<p>Depuis la R\u00e9volution de malheur, nous avons eu un ministre de D\u00e9veloppement anti-d\u00e9veloppement, un ministre de l\u2019Education qui a fait perdre au pays la moiti\u00e9 de ses \u00e9l\u00e8ves qui n\u2019ont pas r\u00e9ussi au baccalaur\u00e9at, soit plus de 60 mille candidats qui sont condamn\u00e9s \u00e0 quitter les bancs de l\u2019\u00e9cole. Il y a, aussi, un ministre des Technologies de la communication qui promet monts et merveilles, alors que les r\u00e9seaux internet, m\u00eame dans les municipalit\u00e9s, est toujours d\u00e9faillant, sans qu\u2019il y ait de r\u00e9action. Il ne faut pas oublier, aussi, le ministre des Transports qui regarde les d\u00e9g\u00e2ts commis, avec les retards de Tunisair, le vol des bagages, dans les a\u00e9roports et, surtout, les accidents\u2026 m\u00eame des trains, sans r\u00e9agir.<\/p>\n<p>A cela on doit ajouter, encore, le ministre de l\u2019Enseignement sup\u00e9rieur et de la Recherche scientifique qui g\u00e8re les affaires de ce d\u00e9partement, \u00e0 travers l\u2019exclusion, bien que le syndicat IJABA ne puisse \u00eatre absout de certaines accusations, en raison de ses all\u00e9geances partisanes, alors que les \u00e9tudiants sont pris en otage et qu\u2019il y a un risque pour que nos dipl\u00f4mes ne valent plus rien \u00e0 l\u2019\u00e9tranger.<\/p>\n<p>Tout ne va pas pour le mieux, dans le meilleur des monde possibles et il est n\u00e9cessaires que les ministre rel\u00e8vent leurs pantalons, pour agir et \u0153uvrer en vue de sortir le pays de la crise dans laquelle il se porfond.<\/p>\n<p class=\"dpsp-share-text\">Partager c&rsquo;est aimer!<\/p>\n<div class=\"wp-post-author-wrap wp-post-author-shortcode left\">\n<h3 class=\"awpa-title\"\/>\n<div class=\"wp-post-author\">\n<div class=\"awpa-img awpa-author-block square\"><a href=\"http:\/\/lexpertjournal.net\/fr\/author\/expert\/\"><img loading=\"lazy\" decoding=\"async\" alt=\"\" src=\"http:\/\/2.gravatar.com\/avatar\/56d99be2a6f97af88ccb49fada637fcd?s=150&#038;d=mm&#038;r=g\" srcset=\"http:\/\/2.gravatar.com\/avatar\/56d99be2a6f97af88ccb49fada637fcd?s=300&#038;d=mm&#038;r=g 2x\" class=\"avatar avatar-150 photo\" height=\"150\" width=\"150\"\/><\/a><\/div>\n<\/div>\n<\/div>\n<p>Auteur: L&rsquo;expert<br \/>\n<a href=\"http:\/\/lexpertjournal.net\/fr\/2019\/08\/15\/un-parcours-sans-faute-et-une-energie-renouvelee-rene-trabelsi-un-ministre-comme-on-redemande\/\">Cliquez ici pour lire l&rsquo;article depuis sa source.<\/a><\/p>\n","protected":false},"excerpt":{"rendered":"<p>L\u2019EXPERT \u2013 Ce n\u2019est pas pour lui jeter des fleurs, mais, un ministre pareil, on en redemande, surtout en ces temps de m\u00e9diocrit\u00e9s et de \u00ab\u00a0B\u00e9ni oui-oui\u00a0\u00bb qui s\u2019affichent pour gaver les Tunisiens de balivernes, de promesses et de mensonges. Pourtant, tout ce beau monde de la politique doivent comprendre que leur temps est compt\u00e9, [&hellip;]<\/p>\n","protected":false},"author":1775,"featured_media":0,"comment_status":"closed","ping_status":"closed","sticky":false,"template":"","format":"standard","meta":{"fifu_image_url":"","fifu_image_alt":"","footnotes":""},"categories":[78,55],"tags":[],"class_list":["post-51719","post","type-post","status-publish","format-standard","hentry","category-economie","category-tunisie"],"_links":{"self":[{"href":"https:\/\/linitiative.ca\/International\/wp-json\/wp\/v2\/posts\/51719","targetHints":{"allow":["GET"]}}],"collection":[{"href":"https:\/\/linitiative.ca\/International\/wp-json\/wp\/v2\/posts"}],"about":[{"href":"https:\/\/linitiative.ca\/International\/wp-json\/wp\/v2\/types\/post"}],"author":[{"embeddable":true,"href":"https:\/\/linitiative.ca\/International\/wp-json\/wp\/v2\/users\/1775"}],"replies":[{"embeddable":true,"href":"https:\/\/linitiative.ca\/International\/wp-json\/wp\/v2\/comments?post=51719"}],"version-history":[{"count":0,"href":"https:\/\/linitiative.ca\/International\/wp-json\/wp\/v2\/posts\/51719\/revisions"}],"wp:attachment":[{"href":"https:\/\/linitiative.ca\/International\/wp-json\/wp\/v2\/media?parent=51719"}],"wp:term":[{"taxonomy":"category","embeddable":true,"href":"https:\/\/linitiative.ca\/International\/wp-json\/wp\/v2\/categories?post=51719"},{"taxonomy":"post_tag","embeddable":true,"href":"https:\/\/linitiative.ca\/International\/wp-json\/wp\/v2\/tags?post=51719"}],"curies":[{"name":"wp","href":"https:\/\/api.w.org\/{rel}","templated":true}]}}