{"id":51722,"date":"2019-08-15T07:55:38","date_gmt":"2019-08-15T11:55:38","guid":{"rendered":"https:\/\/linitiative.ca\/International\/finances-baisse-de-875-du-volume-global-du-refinancement-des-banques\/"},"modified":"2019-08-15T07:55:38","modified_gmt":"2019-08-15T11:55:38","slug":"finances-baisse-de-875-du-volume-global-du-refinancement-des-banques","status":"publish","type":"post","link":"https:\/\/linitiative.ca\/International\/finances-baisse-de-875-du-volume-global-du-refinancement-des-banques\/","title":{"rendered":"Finances : Baisse de 8,75% du volume global du refinancement des banques"},"content":{"rendered":"<p>Au 14 ao\u00fbt 2019, le montant global de refinancement des banques aupr\u00e8s de la Banque centrale de Tunisie (BCT) a r\u00e9gress\u00e9 de 8,75%, par rapport \u00e0 la m\u00eame p\u00e9riode de l\u2019ann\u00e9e \u00e9coul\u00e9e.<\/p>\n<p>Selon les derni\u00e8res statistiques publi\u00e9es, mercredi, par la BCT, le volume global du refinancement a avoisin\u00e9 les 15 milliards de dinars, contre 16,4 milliards de dinars en 2018.<\/p>\n<p>Par ailleurs, la Banque des banques a fait \u00e9tat, \u00e9galement, de la r\u00e9gression du total des transactions interbancaires effectu\u00e9es, de 9,6%, pour se situer au niveau de 686 millions de dinars (MD), contre 759 MD l\u2019ann\u00e9e derni\u00e8re.<\/p>\n<p>Les transactions interbancaires \u00e0 vue ont chut\u00e9 de 34%, \u00e0 la m\u00eame date du 14 ao\u00fbt 2019, en comparaison avec l\u2019ann\u00e9e derni\u00e8re (249 MD contre 382 MD en 2018), alors que les transactions interbancaires \u00e0 terme ont augment\u00e9 de 15,6%, pour atteindre les 436 MD.<\/p>\n<p class=\"dpsp-share-text\">Partager c&rsquo;est aimer!<\/p>\n<div class=\"wp-post-author-wrap wp-post-author-shortcode left\">\n<h3 class=\"awpa-title\"\/>\n<div class=\"wp-post-author\">\n<div class=\"awpa-img awpa-author-block square\"><a href=\"http:\/\/lexpertjournal.net\/fr\/author\/expert\/\"><img loading=\"lazy\" decoding=\"async\" alt=\"\" src=\"http:\/\/2.gravatar.com\/avatar\/56d99be2a6f97af88ccb49fada637fcd?s=150&#038;d=mm&#038;r=g\" srcset=\"http:\/\/2.gravatar.com\/avatar\/56d99be2a6f97af88ccb49fada637fcd?s=300&#038;d=mm&#038;r=g 2x\" class=\"avatar avatar-150 photo\" height=\"150\" width=\"150\"\/><\/a><\/div>\n<\/div>\n<\/div>\n<p>Auteur: L&rsquo;expert<br \/>\n<a href=\"http:\/\/lexpertjournal.net\/fr\/2019\/08\/15\/finances-baisse-de-875-du-volume-global-du-refinancement-des-banques\/\">Cliquez ici pour lire l&rsquo;article depuis sa source.<\/a><\/p>\n","protected":false},"excerpt":{"rendered":"<p>Au 14 ao\u00fbt 2019, le montant global de refinancement des banques aupr\u00e8s de la Banque centrale de Tunisie (BCT) a r\u00e9gress\u00e9 de 8,75%, par rapport \u00e0 la m\u00eame p\u00e9riode de l\u2019ann\u00e9e \u00e9coul\u00e9e. Selon les derni\u00e8res statistiques publi\u00e9es, mercredi, par la BCT, le volume global du refinancement a avoisin\u00e9 les 15 milliards de dinars, contre 16,4 [&hellip;]<\/p>\n","protected":false},"author":1775,"featured_media":0,"comment_status":"closed","ping_status":"closed","sticky":false,"template":"","format":"standard","meta":{"fifu_image_url":"","fifu_image_alt":"","footnotes":""},"categories":[78,55],"tags":[],"class_list":["post-51722","post","type-post","status-publish","format-standard","hentry","category-economie","category-tunisie"],"_links":{"self":[{"href":"https:\/\/linitiative.ca\/International\/wp-json\/wp\/v2\/posts\/51722","targetHints":{"allow":["GET"]}}],"collection":[{"href":"https:\/\/linitiative.ca\/International\/wp-json\/wp\/v2\/posts"}],"about":[{"href":"https:\/\/linitiative.ca\/International\/wp-json\/wp\/v2\/types\/post"}],"author":[{"embeddable":true,"href":"https:\/\/linitiative.ca\/International\/wp-json\/wp\/v2\/users\/1775"}],"replies":[{"embeddable":true,"href":"https:\/\/linitiative.ca\/International\/wp-json\/wp\/v2\/comments?post=51722"}],"version-history":[{"count":0,"href":"https:\/\/linitiative.ca\/International\/wp-json\/wp\/v2\/posts\/51722\/revisions"}],"wp:attachment":[{"href":"https:\/\/linitiative.ca\/International\/wp-json\/wp\/v2\/media?parent=51722"}],"wp:term":[{"taxonomy":"category","embeddable":true,"href":"https:\/\/linitiative.ca\/International\/wp-json\/wp\/v2\/categories?post=51722"},{"taxonomy":"post_tag","embeddable":true,"href":"https:\/\/linitiative.ca\/International\/wp-json\/wp\/v2\/tags?post=51722"}],"curies":[{"name":"wp","href":"https:\/\/api.w.org\/{rel}","templated":true}]}}