{"id":51723,"date":"2019-08-15T07:58:28","date_gmt":"2019-08-15T11:58:28","guid":{"rendered":"https:\/\/linitiative.ca\/International\/echeances-electorales-conseil-ministeriel-la-semaine-prochaine-sur-les-elections\/"},"modified":"2019-08-15T07:58:28","modified_gmt":"2019-08-15T11:58:28","slug":"echeances-electorales-conseil-ministeriel-la-semaine-prochaine-sur-les-elections","status":"publish","type":"post","link":"https:\/\/linitiative.ca\/International\/echeances-electorales-conseil-ministeriel-la-semaine-prochaine-sur-les-elections\/","title":{"rendered":"Ech\u00e9ances \u00e9lectorales : Conseil minist\u00e9riel la semaine prochaine sur les \u00e9lections"},"content":{"rendered":"<p>Un conseil minist\u00e9riel consacr\u00e9 \u00e0 la pr\u00e9paration des \u00e9lections pr\u00e9sidentielle et l\u00e9gislatives se tiendra la semaine prochaine sous la pr\u00e9sidence de Mohamed Ennaceur, pr\u00e9sident de la R\u00e9publique par int\u00e9rim.<\/p>\n<p>A noter que Mohamed Ennaceur s\u2019\u00e9tait entretenu ce mercredi au Palais de Carthage avec le chef du gouvernement Youssef Chahed des derniers pr\u00e9paratifs en vue d\u2019assurer le bon d\u00e9roulement des prochaines \u00e9ch\u00e9ances.<\/p>\n<p>La rencontre a \u00e9galement port\u00e9 sur le souci de garantir l\u2019\u00e9galit\u00e9 des chances entre tous les candidats ainsi que la neutralit\u00e9 de l\u2019administration afin d\u2019assurer des \u00e9lections transparentes et loyales.<\/p>\n<p>La situation g\u00e9n\u00e9rale dans le pays, en particulier apr\u00e8s la vague d\u2019indignation suscit\u00e9e par les coupures d\u2019eau courante dans certaines r\u00e9gions pendant la p\u00e9riode de l\u2019A\u00efd, a \u00e9t\u00e9 \u00e0 l\u2019ordre du jour.<\/p>\n<p>Les deux parties ont insist\u00e9 sur la n\u00e9cessit\u00e9 de trouver des solutions urgentes et d\u2019\u0153uvrer \u00e0 l\u2019am\u00e9lioration du syst\u00e8me de traitement d\u2019eau potable.<\/p>\n<p class=\"dpsp-share-text\">Partager c&rsquo;est aimer!<\/p>\n<div class=\"wp-post-author-wrap wp-post-author-shortcode left\">\n<h3 class=\"awpa-title\"\/>\n<div class=\"wp-post-author\">\n<div class=\"awpa-img awpa-author-block square\"><a href=\"http:\/\/lexpertjournal.net\/fr\/author\/expert\/\"><img loading=\"lazy\" decoding=\"async\" alt=\"\" src=\"http:\/\/2.gravatar.com\/avatar\/56d99be2a6f97af88ccb49fada637fcd?s=150&#038;d=mm&#038;r=g\" srcset=\"http:\/\/2.gravatar.com\/avatar\/56d99be2a6f97af88ccb49fada637fcd?s=300&#038;d=mm&#038;r=g 2x\" class=\"avatar avatar-150 photo\" height=\"150\" width=\"150\"\/><\/a><\/div>\n<\/div>\n<\/div>\n<p>Auteur: L&rsquo;expert<br \/>\n<a href=\"http:\/\/lexpertjournal.net\/fr\/2019\/08\/15\/echeances-electorales-conseil-ministeriel-la-semaine-prochaine-sur-les-elections\/\">Cliquez ici pour lire l&rsquo;article depuis sa source.<\/a><\/p>\n","protected":false},"excerpt":{"rendered":"<p>Un conseil minist\u00e9riel consacr\u00e9 \u00e0 la pr\u00e9paration des \u00e9lections pr\u00e9sidentielle et l\u00e9gislatives se tiendra la semaine prochaine sous la pr\u00e9sidence de Mohamed Ennaceur, pr\u00e9sident de la R\u00e9publique par int\u00e9rim. A noter que Mohamed Ennaceur s\u2019\u00e9tait entretenu ce mercredi au Palais de Carthage avec le chef du gouvernement Youssef Chahed des derniers pr\u00e9paratifs en vue d\u2019assurer [&hellip;]<\/p>\n","protected":false},"author":1775,"featured_media":0,"comment_status":"closed","ping_status":"closed","sticky":false,"template":"","format":"standard","meta":{"fifu_image_url":"","fifu_image_alt":"","footnotes":""},"categories":[78,55],"tags":[],"class_list":["post-51723","post","type-post","status-publish","format-standard","hentry","category-economie","category-tunisie"],"_links":{"self":[{"href":"https:\/\/linitiative.ca\/International\/wp-json\/wp\/v2\/posts\/51723","targetHints":{"allow":["GET"]}}],"collection":[{"href":"https:\/\/linitiative.ca\/International\/wp-json\/wp\/v2\/posts"}],"about":[{"href":"https:\/\/linitiative.ca\/International\/wp-json\/wp\/v2\/types\/post"}],"author":[{"embeddable":true,"href":"https:\/\/linitiative.ca\/International\/wp-json\/wp\/v2\/users\/1775"}],"replies":[{"embeddable":true,"href":"https:\/\/linitiative.ca\/International\/wp-json\/wp\/v2\/comments?post=51723"}],"version-history":[{"count":0,"href":"https:\/\/linitiative.ca\/International\/wp-json\/wp\/v2\/posts\/51723\/revisions"}],"wp:attachment":[{"href":"https:\/\/linitiative.ca\/International\/wp-json\/wp\/v2\/media?parent=51723"}],"wp:term":[{"taxonomy":"category","embeddable":true,"href":"https:\/\/linitiative.ca\/International\/wp-json\/wp\/v2\/categories?post=51723"},{"taxonomy":"post_tag","embeddable":true,"href":"https:\/\/linitiative.ca\/International\/wp-json\/wp\/v2\/tags?post=51723"}],"curies":[{"name":"wp","href":"https:\/\/api.w.org\/{rel}","templated":true}]}}