{"id":51724,"date":"2019-08-15T08:01:29","date_gmt":"2019-08-15T12:01:29","guid":{"rendered":"https:\/\/linitiative.ca\/International\/nouvelles-du-marche-boursier-resultat-net-consolide-deficitaire-de-265-md-pour-electrostar\/"},"modified":"2019-08-15T08:01:29","modified_gmt":"2019-08-15T12:01:29","slug":"nouvelles-du-marche-boursier-resultat-net-consolide-deficitaire-de-265-md-pour-electrostar","status":"publish","type":"post","link":"https:\/\/linitiative.ca\/International\/nouvelles-du-marche-boursier-resultat-net-consolide-deficitaire-de-265-md-pour-electrostar\/","title":{"rendered":"Nouvelles du march\u00e9 boursier : R\u00e9sultat net consolid\u00e9 d\u00e9ficitaire de 26,5 MD pour ELECTROSTAR"},"content":{"rendered":"<p>Voici les nouvelles des soci\u00e9t\u00e9s cot\u00e9es, telles que rapport\u00e9es, jeudi, par l\u2019interm\u00e9diaire en Bourse MCP (Mena Capital Partners) :<\/p>\n<p>ELECTROSTAR : Les \u00e9tats financiers consolid\u00e9s arr\u00eat\u00e9s au 31\/12\/2018, font ressortir un r\u00e9sultat net consolid\u00e9 d\u00e9ficitaire de 26,5 MD et un r\u00e9sultat net part groupe d\u00e9ficitaire de 24,6 MD.<\/p>\n<p>Les produits d\u2019exploitation du groupe ont progress\u00e9 de 36,6% pour s\u2019\u00e9tablir \u00e0 77,4 MD, les charges d\u2019exploitation ont \u00e9galement augment\u00e9 de 43,7% \u00e0 83,3 MD.<\/p>\n<p>Le r\u00e9sultat d\u2019exploitation du groupe ressort n\u00e9gatif de 5,9 MD contre -1,3 MD une ann\u00e9e auparavant. La soci\u00e9t\u00e9 m\u00e8re a r\u00e9alis\u00e9 une perte de 14,3 MD durant l\u2019exercice 2017 suivie d\u2019une perte de 18,8 MD durant l\u2019exercice 2018, soit une perte cumul\u00e9e de 33,1 MD.<\/p>\n<p>Le chiffre d\u2019affaires de la soci\u00e9t\u00e9 m\u00e8re a baiss\u00e9 de 30% en 2017 et 2018. Les engagements bancaires s\u2019\u00e9l\u00e8vent \u00e0 94,1 MD.<\/p>\n<p>aeTech : Le chiffre d\u2019affaires a chut\u00e9 de 51% durant le premier semestre de 2019 pour s\u2019\u00e9tablir \u00e0 3,1 MD contre 6,3 MD au premier semestre de 2018.<\/p>\n<p>Les charges d\u2019exploitation ont baiss\u00e9 de 55% passant de 6,9% MD \u00e0 fin juin 2018 \u00e0 3 MD \u00e0 fin juin 2019. Les charges du personnel ont diminu\u00e9 de 21% pour atteindre 728 mille dinars. L\u2019EBITDA est de l\u2019ordre de 15,737 dinars contre -592 mille dinars l\u2019ann\u00e9e derni\u00e8re. La marge d\u2019EBITDA s\u2019\u00e9tablit \u00e0 1% contre 9% l\u2019ann\u00e9e pr\u00e9c\u00e9dente.<\/p>\n<p class=\"dpsp-share-text\">Partager c&rsquo;est aimer!<\/p>\n<div class=\"wp-post-author-wrap wp-post-author-shortcode left\">\n<h3 class=\"awpa-title\"\/>\n<div class=\"wp-post-author\">\n<div class=\"awpa-img awpa-author-block square\"><a href=\"http:\/\/lexpertjournal.net\/fr\/author\/expert\/\"><img loading=\"lazy\" decoding=\"async\" alt=\"\" src=\"http:\/\/2.gravatar.com\/avatar\/56d99be2a6f97af88ccb49fada637fcd?s=150&#038;d=mm&#038;r=g\" srcset=\"http:\/\/2.gravatar.com\/avatar\/56d99be2a6f97af88ccb49fada637fcd?s=300&#038;d=mm&#038;r=g 2x\" class=\"avatar avatar-150 photo\" height=\"150\" width=\"150\"\/><\/a><\/div>\n<\/div>\n<\/div>\n<p>Auteur: L&rsquo;expert<br \/>\n<a href=\"http:\/\/lexpertjournal.net\/fr\/2019\/08\/15\/nouvelles-du-marche-boursier-resultat-net-consolide-deficitaire-de-265-md-pour-electrostar\/\">Cliquez ici pour lire l&rsquo;article depuis sa source.<\/a><\/p>\n","protected":false},"excerpt":{"rendered":"<p>Voici les nouvelles des soci\u00e9t\u00e9s cot\u00e9es, telles que rapport\u00e9es, jeudi, par l\u2019interm\u00e9diaire en Bourse MCP (Mena Capital Partners) : ELECTROSTAR : Les \u00e9tats financiers consolid\u00e9s arr\u00eat\u00e9s au 31\/12\/2018, font ressortir un r\u00e9sultat net consolid\u00e9 d\u00e9ficitaire de 26,5 MD et un r\u00e9sultat net part groupe d\u00e9ficitaire de 24,6 MD. Les produits d\u2019exploitation du groupe ont progress\u00e9 [&hellip;]<\/p>\n","protected":false},"author":1775,"featured_media":0,"comment_status":"closed","ping_status":"closed","sticky":false,"template":"","format":"standard","meta":{"fifu_image_url":"","fifu_image_alt":"","footnotes":""},"categories":[78,55],"tags":[],"class_list":["post-51724","post","type-post","status-publish","format-standard","hentry","category-economie","category-tunisie"],"_links":{"self":[{"href":"https:\/\/linitiative.ca\/International\/wp-json\/wp\/v2\/posts\/51724","targetHints":{"allow":["GET"]}}],"collection":[{"href":"https:\/\/linitiative.ca\/International\/wp-json\/wp\/v2\/posts"}],"about":[{"href":"https:\/\/linitiative.ca\/International\/wp-json\/wp\/v2\/types\/post"}],"author":[{"embeddable":true,"href":"https:\/\/linitiative.ca\/International\/wp-json\/wp\/v2\/users\/1775"}],"replies":[{"embeddable":true,"href":"https:\/\/linitiative.ca\/International\/wp-json\/wp\/v2\/comments?post=51724"}],"version-history":[{"count":0,"href":"https:\/\/linitiative.ca\/International\/wp-json\/wp\/v2\/posts\/51724\/revisions"}],"wp:attachment":[{"href":"https:\/\/linitiative.ca\/International\/wp-json\/wp\/v2\/media?parent=51724"}],"wp:term":[{"taxonomy":"category","embeddable":true,"href":"https:\/\/linitiative.ca\/International\/wp-json\/wp\/v2\/categories?post=51724"},{"taxonomy":"post_tag","embeddable":true,"href":"https:\/\/linitiative.ca\/International\/wp-json\/wp\/v2\/tags?post=51724"}],"curies":[{"name":"wp","href":"https:\/\/api.w.org\/{rel}","templated":true}]}}