{"id":51725,"date":"2019-08-15T08:11:50","date_gmt":"2019-08-15T12:11:50","guid":{"rendered":"https:\/\/linitiative.ca\/International\/100-mille-signatures-pour-legaliser-le-cannabis-en-tunisie\/"},"modified":"2019-08-15T08:11:50","modified_gmt":"2019-08-15T12:11:50","slug":"100-mille-signatures-pour-legaliser-le-cannabis-en-tunisie","status":"publish","type":"post","link":"https:\/\/linitiative.ca\/International\/100-mille-signatures-pour-legaliser-le-cannabis-en-tunisie\/","title":{"rendered":"100 mille signatures pour l\u00e9galiser le cannabis en Tunisie"},"content":{"rendered":"<p><strong>Le collectif pour la l\u00e9galisation du cannabis baptis\u00e9 CO.LE.C a r\u00e9ussi \u00e0 collecter pendant quatre mois environ 100 mille signatures appelant \u00e0 mettre un cadre l\u00e9gal pour cette drogue en Tunisie.<\/strong><\/p>\n<p>Ce cadre doit d\u00e9finir la quantit\u00e9 consomm\u00e9e et l\u2019exploitation du cannabis dans un but th\u00e9rapeutique.<\/p>\n<p>Chiir a assur\u00e9 que le CO.LE.C a fix\u00e9 la date du 20 avril 2020 pour la mise en place d\u2019un plan de route. Il s\u2019agit d\u2019un livre blanc \u00e9labor\u00e9 par l\u2019ensemble des secteurs intervenant dans la l\u00e9galisation du cannabis.<\/p>\n<p>Une conf\u00e9rence internationale sur les horizons de l\u2019investissement dans le cannabis \u00e0 but th\u00e9rapeutique sera aussi organis\u00e9e. Le CO.LE.C doit aussi pr\u00e9senter ses solutions pour l\u2019encadrement des projets issus de la culture du cannabis.<\/p>\n<p>Selon les statistiques du CO.LE.C, environ 47% des tunisiens sont pour la l\u00e9galisation du cannabis contre 53% contre.<\/p>\n<p>Les cat\u00e9gories d\u2019\u00e2ge qui ont soutenu cette id\u00e9e sont les suivantes:<br \/>entre 18 et 24 ans: 50%<br \/>entre 25 et 34 ans: 34%<br \/>entre 35 et 50 ans: 14%<br \/>+ de 50 ans: 1%\u00a0<\/p>\n<p>Karim Chiir s\u2019est estim\u00e9 confiant concernant la l\u00e9galisation du cannabis durant la prochaine session parlementaire. \u00ab Nous avons le soutien n\u00e9cessaire pour la l\u00e9galisation du cannabis en Tunisie \u00bb.<\/p>\n<p>source : mosaique fm<br \/>\u00a0<\/p>\n<p class=\"dpsp-share-text\">Partager c&rsquo;est aimer!<\/p>\n<div class=\"wp-post-author-wrap wp-post-author-shortcode left\">\n<h3 class=\"awpa-title\"\/>\n<div class=\"wp-post-author\">\n<div class=\"awpa-img awpa-author-block square\"><a href=\"http:\/\/lexpertjournal.net\/fr\/author\/expert\/\"><img loading=\"lazy\" decoding=\"async\" alt=\"\" src=\"http:\/\/2.gravatar.com\/avatar\/56d99be2a6f97af88ccb49fada637fcd?s=150&#038;d=mm&#038;r=g\" srcset=\"http:\/\/2.gravatar.com\/avatar\/56d99be2a6f97af88ccb49fada637fcd?s=300&#038;d=mm&#038;r=g 2x\" class=\"avatar avatar-150 photo\" height=\"150\" width=\"150\"\/><\/a><\/div>\n<\/div>\n<\/div>\n<p>Auteur: L&rsquo;expert<br \/>\n<a href=\"http:\/\/lexpertjournal.net\/fr\/2019\/08\/15\/100-mille-signatures-pour-legaliser-le-cannabis-en-tunisie\/\">Cliquez ici pour lire l&rsquo;article depuis sa source.<\/a><\/p>\n","protected":false},"excerpt":{"rendered":"<p>Le collectif pour la l\u00e9galisation du cannabis baptis\u00e9 CO.LE.C a r\u00e9ussi \u00e0 collecter pendant quatre mois environ 100 mille signatures appelant \u00e0 mettre un cadre l\u00e9gal pour cette drogue en Tunisie. Ce cadre doit d\u00e9finir la quantit\u00e9 consomm\u00e9e et l\u2019exploitation du cannabis dans un but th\u00e9rapeutique. Chiir a assur\u00e9 que le CO.LE.C a fix\u00e9 la [&hellip;]<\/p>\n","protected":false},"author":1775,"featured_media":0,"comment_status":"closed","ping_status":"closed","sticky":false,"template":"","format":"standard","meta":{"fifu_image_url":"","fifu_image_alt":"","footnotes":""},"categories":[78,55],"tags":[],"class_list":["post-51725","post","type-post","status-publish","format-standard","hentry","category-economie","category-tunisie"],"_links":{"self":[{"href":"https:\/\/linitiative.ca\/International\/wp-json\/wp\/v2\/posts\/51725","targetHints":{"allow":["GET"]}}],"collection":[{"href":"https:\/\/linitiative.ca\/International\/wp-json\/wp\/v2\/posts"}],"about":[{"href":"https:\/\/linitiative.ca\/International\/wp-json\/wp\/v2\/types\/post"}],"author":[{"embeddable":true,"href":"https:\/\/linitiative.ca\/International\/wp-json\/wp\/v2\/users\/1775"}],"replies":[{"embeddable":true,"href":"https:\/\/linitiative.ca\/International\/wp-json\/wp\/v2\/comments?post=51725"}],"version-history":[{"count":0,"href":"https:\/\/linitiative.ca\/International\/wp-json\/wp\/v2\/posts\/51725\/revisions"}],"wp:attachment":[{"href":"https:\/\/linitiative.ca\/International\/wp-json\/wp\/v2\/media?parent=51725"}],"wp:term":[{"taxonomy":"category","embeddable":true,"href":"https:\/\/linitiative.ca\/International\/wp-json\/wp\/v2\/categories?post=51725"},{"taxonomy":"post_tag","embeddable":true,"href":"https:\/\/linitiative.ca\/International\/wp-json\/wp\/v2\/tags?post=51725"}],"curies":[{"name":"wp","href":"https:\/\/api.w.org\/{rel}","templated":true}]}}