{"id":51747,"date":"2019-08-15T10:54:15","date_gmt":"2019-08-15T14:54:15","guid":{"rendered":"https:\/\/linitiative.ca\/International\/mascara-collecte-de-plus-de-27-tonnes-de-peaux-de-moutons\/"},"modified":"2019-08-15T10:54:15","modified_gmt":"2019-08-15T14:54:15","slug":"mascara-collecte-de-plus-de-27-tonnes-de-peaux-de-moutons","status":"publish","type":"post","link":"https:\/\/linitiative.ca\/International\/mascara-collecte-de-plus-de-27-tonnes-de-peaux-de-moutons\/","title":{"rendered":"Mascara : collecte de plus de 27 tonnes de peaux de moutons"},"content":{"rendered":"<div>\n<div class=\"K2FeedImage\"><img decoding=\"async\" src=\"http:\/\/www.aps.dz\/media\/k2\/items\/cache\/d607db76fc74c18af629a5a6bb78ccaf_S.jpg\" alt=\"Mascara : collecte de plus de 27 tonnes de peaux de moutons\"><\/div>\n<div class=\"K2FeedIntroText\">\n<p><strong>MASCARA &#8211; L\u2019entreprise de gestion des centres d\u2019enfouissement technique de la wilaya de Mascara a r\u00e9ussi \u00e0 collecter, \u00e0 l\u2019occasion de l\u2019Aid El Adha, 4588 peaux de moutons, pour un poids global de 27,54 tonnes, a-t-on appris jeudi aupr\u00e8s du directeur g\u00e9n\u00e9ral de cet \u00e9tablissement, Safir Zahir.<\/strong><\/p>\n<\/div>\n<div class=\"K2FeedFullText\">\n<p>Le m\u00eame responsable a indiqu\u00e9 \u00e0 l\u2019APS que son \u00e9tablissement, en collaboration avec l\u2019entreprise de collecte des d\u00e9chets m\u00e9nagers de la wilaya de Mascara et les services de la commune de Mascara, ont collect\u00e9, durant les deux jours de l\u2019Aid El Adha, 4.588 peaux de moutons d\u2019un poids total de 27,54 tonnes dont 610 unit\u00e9s collect\u00e9es par les services de la commune de Mascara et 316 unit\u00e9s, par l\u2019entreprise de ramassage des d\u00e9chets m\u00e9nagers.<\/p>\n<p>Le reste a \u00e9t\u00e9 ramass\u00e9 par une \u00e9quipe relevant du centre de tri des d\u00e9chets de la commune d\u2019El Keurt et des \u00e9quipes des centres d\u2019enfouissement technique des communes de Tighennif et Sig.<\/p>\n<hr>\n<p><a href=\"http:\/\/www.aps.dz\/culture\/93120-blida-la-peau-de-mouton-un-patrimoine-en-perdition\">Lire aussi :\u00a0Blida: La peau de mouton, un patrimoine en perdition<\/a><\/p>\n<hr>\n<p>Il a ajout\u00e9, qu\u2019au niveau du centre d\u2019enfouissement technique (CET) de la commune d\u2019EL Keurt, il a \u00e9t\u00e9 proc\u00e9d\u00e9 au triage de 560 peaux pouvant \u00eatre exploit\u00e9es par les tanneries car non ab\u00eem\u00e9s et leur sellage a \u00e9t\u00e9 effectu\u00e9 avec le concours d\u2019une entreprise de Relizane, ayant manifest\u00e9 son int\u00e9r\u00eat pour l\u2019acquisition de ces peaux en m\u00eame temps qu\u2019il a \u00e9t\u00e9 proc\u00e9d\u00e9 \u00e0 l\u2019enfouissement des peaux ab\u00eem\u00e9s.<\/p>\n<p>Cette exp\u00e9rience de collecte des peaux est la premi\u00e8re du genre au niveau de l\u2019\u00e9tablissement de gestion des CET de la wilaya de Mascara, selon son directeur g\u00e9n\u00e9ral expliquant que l\u2019objectif premier de cette op\u00e9ration est la protection de l\u2019environnement et l\u2019hygi\u00e8ne du milieu, consid\u00e9rant que la vente de ces peaux s\u2019est effectu\u00e9e de mani\u00e8re symbolique et non commerciale.<\/p>\n<p>Les citoyens de la wilaya de Mascara ayant accueilli favorablement l&rsquo;initiative de collecte des peaux de moutons, auraient souhait\u00e9 \u00eatre inform\u00e9s avant l\u2019A\u00efd El Adha pour participer activement \u00e0 cette op\u00e9ration au lieu de les jeter le long des routes offrant un d\u00e9cor repoussant et des odeurs naus\u00e9abondes.<\/p>\n<\/div>\n<\/div>\n<p>Auteur:<br \/>\n<a href=\"http:\/\/www.aps.dz\/regions\/93196-mascara-collecte-de-plus-de-27-tonnes-de-peaux-de-moutons\">Cliquez ici pour lire l&rsquo;article depuis sa source.<\/a><\/p>\n","protected":false},"excerpt":{"rendered":"<p>MASCARA &#8211; L\u2019entreprise de gestion des centres d\u2019enfouissement technique de la wilaya de Mascara a r\u00e9ussi \u00e0 collecter, \u00e0 l\u2019occasion de l\u2019Aid El Adha, 4588 peaux de moutons, pour un poids global de 27,54 tonnes, a-t-on appris jeudi aupr\u00e8s du directeur g\u00e9n\u00e9ral de cet \u00e9tablissement, Safir Zahir. Le m\u00eame responsable a indiqu\u00e9 \u00e0 l\u2019APS que [&hellip;]<\/p>\n","protected":false},"author":1790,"featured_media":51748,"comment_status":"closed","ping_status":"closed","sticky":false,"template":"","format":"standard","meta":{"fifu_image_url":"","fifu_image_alt":"","footnotes":""},"categories":[53,76],"tags":[],"class_list":["post-51747","post","type-post","status-publish","format-standard","has-post-thumbnail","hentry","category-algerie","category-regions"],"_links":{"self":[{"href":"https:\/\/linitiative.ca\/International\/wp-json\/wp\/v2\/posts\/51747","targetHints":{"allow":["GET"]}}],"collection":[{"href":"https:\/\/linitiative.ca\/International\/wp-json\/wp\/v2\/posts"}],"about":[{"href":"https:\/\/linitiative.ca\/International\/wp-json\/wp\/v2\/types\/post"}],"author":[{"embeddable":true,"href":"https:\/\/linitiative.ca\/International\/wp-json\/wp\/v2\/users\/1790"}],"replies":[{"embeddable":true,"href":"https:\/\/linitiative.ca\/International\/wp-json\/wp\/v2\/comments?post=51747"}],"version-history":[{"count":0,"href":"https:\/\/linitiative.ca\/International\/wp-json\/wp\/v2\/posts\/51747\/revisions"}],"wp:featuredmedia":[{"embeddable":true,"href":"https:\/\/linitiative.ca\/International\/wp-json\/"}],"wp:attachment":[{"href":"https:\/\/linitiative.ca\/International\/wp-json\/wp\/v2\/media?parent=51747"}],"wp:term":[{"taxonomy":"category","embeddable":true,"href":"https:\/\/linitiative.ca\/International\/wp-json\/wp\/v2\/categories?post=51747"},{"taxonomy":"post_tag","embeddable":true,"href":"https:\/\/linitiative.ca\/International\/wp-json\/wp\/v2\/tags?post=51747"}],"curies":[{"name":"wp","href":"https:\/\/api.w.org\/{rel}","templated":true}]}}