{"id":51757,"date":"2019-08-15T15:14:25","date_gmt":"2019-08-15T19:14:25","guid":{"rendered":"https:\/\/linitiative.ca\/International\/pros-psg-leonardo-aurait-tranche-pour-youcef-atal\/"},"modified":"2019-08-15T15:14:25","modified_gmt":"2019-08-15T19:14:25","slug":"pros-psg-leonardo-aurait-tranche-pour-youcef-atal","status":"publish","type":"post","link":"https:\/\/linitiative.ca\/International\/pros-psg-leonardo-aurait-tranche-pour-youcef-atal\/","title":{"rendered":"Pros : PSG: Leonardo aurait tranch\u00e9 pour Youcef Atal !"},"content":{"rendered":"<div readability=\"32\">\n<p>Auteur : <span class=\"time\">jeudi 15 ao\u00fbt 2019 13:11<\/span><\/p>\n<\/div>\n<div id=\"post_core\" readability=\"43\">\n<p>\u00abOn a tous envie de jouer la Ligue des champions, de gagner des titres. C\u2019est important dans une carri\u00e8re. J\u2019ai effectivement moi-m\u00eame de tels objectifs. Apr\u00e8s, je sais qu\u2019il y a des int\u00e9r\u00eats pour moi. On verra\u2026 \u00bb, confiait Youcef Atal (23 ans) en juin dernier dans France Football, laissant ainsi la porte ouverte \u00e0 un d\u00e9part cet \u00e9t\u00e9. Le PSG aurait rapidement pris position au d\u00e9but de l\u2019\u00e9t\u00e9 pour le lat\u00e9ral droit alg\u00e9rien, grande r\u00e9v\u00e9lation de la saison pass\u00e9e \u00e0 l\u2019OGC Nice. Mais Leonardo se serait finalement fait une raison pour Atal\u2026 Le Parisien indique dans ses colonnes du jour que le PSG a bien cibl\u00e9 Youcef Atal, mais le d\u00e9part de l\u2019international alg\u00e9rien serait fix\u00e9 \u00e0 40M\u20ac par l\u2019OGC Nice. Trop on\u00e9reux club pour le club de la capitale fran\u00e7aise, qui dispose d\u2019une marge de man\u0153uvre limit\u00e9e sur le plan financier. Pour rappel, le PSG tenterait \u00e9galement de faire inclure Nelson Semedo (25 ans) dans le deal avec le FC Barcelone pour Neymar rapporte Le 10 Sport.<\/p>\n<p><strong>Publi\u00e9 dans :<\/strong> <span>Atal<\/span><\/p>\n<\/div>\n<p>Auteur:<br \/>\n<a href=\"http:\/\/www.lebuteur.com\/article\/detail?titre=psg-leonardo-aurait-tranche-pour-youcef-atal&#038;id=91080&#038;utm_source=feedburner&#038;utm_medium=feed&#038;utm_campaign=Feed%3A+GalerieFArtciles+%28Les+derniers+articles++-+lebuteur.com%29\">Cliquez ici pour lire l&rsquo;article depuis sa source.<\/a><\/p>\n","protected":false},"excerpt":{"rendered":"<p>Auteur : jeudi 15 ao\u00fbt 2019 13:11 \u00abOn a tous envie de jouer la Ligue des champions, de gagner des titres. C\u2019est important dans une carri\u00e8re. J\u2019ai effectivement moi-m\u00eame de tels objectifs. Apr\u00e8s, je sais qu\u2019il y a des int\u00e9r\u00eats pour moi. On verra\u2026 \u00bb, confiait Youcef Atal (23 ans) en juin dernier dans France [&hellip;]<\/p>\n","protected":false},"author":1738,"featured_media":51758,"comment_status":"closed","ping_status":"closed","sticky":false,"template":"","format":"standard","meta":{"fifu_image_url":"","fifu_image_alt":"","footnotes":""},"categories":[53,75],"tags":[],"class_list":["post-51757","post","type-post","status-publish","format-standard","has-post-thumbnail","hentry","category-algerie","category-sport"],"_links":{"self":[{"href":"https:\/\/linitiative.ca\/International\/wp-json\/wp\/v2\/posts\/51757","targetHints":{"allow":["GET"]}}],"collection":[{"href":"https:\/\/linitiative.ca\/International\/wp-json\/wp\/v2\/posts"}],"about":[{"href":"https:\/\/linitiative.ca\/International\/wp-json\/wp\/v2\/types\/post"}],"author":[{"embeddable":true,"href":"https:\/\/linitiative.ca\/International\/wp-json\/wp\/v2\/users\/1738"}],"replies":[{"embeddable":true,"href":"https:\/\/linitiative.ca\/International\/wp-json\/wp\/v2\/comments?post=51757"}],"version-history":[{"count":0,"href":"https:\/\/linitiative.ca\/International\/wp-json\/wp\/v2\/posts\/51757\/revisions"}],"wp:featuredmedia":[{"embeddable":true,"href":"https:\/\/linitiative.ca\/International\/wp-json\/"}],"wp:attachment":[{"href":"https:\/\/linitiative.ca\/International\/wp-json\/wp\/v2\/media?parent=51757"}],"wp:term":[{"taxonomy":"category","embeddable":true,"href":"https:\/\/linitiative.ca\/International\/wp-json\/wp\/v2\/categories?post=51757"},{"taxonomy":"post_tag","embeddable":true,"href":"https:\/\/linitiative.ca\/International\/wp-json\/wp\/v2\/tags?post=51757"}],"curies":[{"name":"wp","href":"https:\/\/api.w.org\/{rel}","templated":true}]}}