{"id":51759,"date":"2019-08-15T15:14:27","date_gmt":"2019-08-15T19:14:27","guid":{"rendered":"https:\/\/linitiative.ca\/International\/pros-ramy-bensebaini-justifie-le-choix-monchengladbach\/"},"modified":"2019-08-15T15:14:27","modified_gmt":"2019-08-15T19:14:27","slug":"pros-ramy-bensebaini-justifie-le-choix-monchengladbach","status":"publish","type":"post","link":"https:\/\/linitiative.ca\/International\/pros-ramy-bensebaini-justifie-le-choix-monchengladbach\/","title":{"rendered":"Pros : Ramy Bensebaini justifie le choix M\u00f6nchengladbach"},"content":{"rendered":"<div readability=\"32\">\n<p>Auteur : <span class=\"time\">jeudi 15 ao\u00fbt 2019 13:14<\/span><\/p>\n<\/div>\n<div id=\"post_core\" readability=\"42\">\n<p>Ramy Bensebaini (24 ans) a connu une saison 2018\/19 remplie de succ\u00e8s. Le lat\u00e9ral gauche a remport\u00e9 la Coupe de France avec le Stade Rennais mais aussi la Coupe d\u2019Afrique des Nations avec les Fennecs. Et l\u2019Alg\u00e9rien a d\u00e9cid\u00e9 de relever un nouveau d\u00e9fi en rejoignant le Borussia M\u00f6nchengladbach. Apr\u00e8s son arriv\u00e9e, le d\u00e9fenseur a justifi\u00e9 son choix de rejoindre la Bundesliga: \u00abJ\u2019ai pass\u00e9 trois ann\u00e9es merveilleuses \u00e0 Rennes et j\u2019ai m\u00eame remport\u00e9 la Coupe de France la saison derni\u00e8re. Le moment \u00e9tait venu de relever un nouveau d\u00e9fi dans une nouvelle ligue. J\u2019ai parl\u00e9 \u00e0 beaucoup de gens du Borussia et n\u2019ai entendu que de bonnes choses qui m\u2019ont convaincu, explique Bensaibani par des propos rapport\u00e9s par le Fohlen-Hautnah. Maintenant je suis content d\u2019\u00eatre ici. Je connais Marcus Thuram et Alassane Plea de la Ligue fran\u00e7aise, tous les autres joueurs, ainsi que l\u2019\u00e9quipe d\u2019entra\u00eeneurs et le personnel que j\u2019ai d\u00e9j\u00e0 rencontr\u00e9 aujourd\u2019hui. Les premi\u00e8res impressions ont \u00e9t\u00e9 tr\u00e8s positives, j\u2019ai \u00e9t\u00e9 chaleureusement accueilli.\u00bbrapporte Foot Mercato.<\/p>\n<p><strong>Publi\u00e9 dans :<\/strong> <span>Ramy Bensebaini<\/span><\/p>\n<\/div>\n<p>Auteur:<br \/>\n<a href=\"http:\/\/www.lebuteur.com\/article\/detail?titre=ramy-bensebaini-justifie-le-choix-monchengladbach&#038;id=91081&#038;utm_source=feedburner&#038;utm_medium=feed&#038;utm_campaign=Feed%3A+GalerieFArtciles+%28Les+derniers+articles++-+lebuteur.com%29\">Cliquez ici pour lire l&rsquo;article depuis sa source.<\/a><\/p>\n","protected":false},"excerpt":{"rendered":"<p>Auteur : jeudi 15 ao\u00fbt 2019 13:14 Ramy Bensebaini (24 ans) a connu une saison 2018\/19 remplie de succ\u00e8s. Le lat\u00e9ral gauche a remport\u00e9 la Coupe de France avec le Stade Rennais mais aussi la Coupe d\u2019Afrique des Nations avec les Fennecs. Et l\u2019Alg\u00e9rien a d\u00e9cid\u00e9 de relever un nouveau d\u00e9fi en rejoignant le Borussia [&hellip;]<\/p>\n","protected":false},"author":1738,"featured_media":51760,"comment_status":"closed","ping_status":"closed","sticky":false,"template":"","format":"standard","meta":{"fifu_image_url":"","fifu_image_alt":"","footnotes":""},"categories":[53,75],"tags":[],"class_list":["post-51759","post","type-post","status-publish","format-standard","has-post-thumbnail","hentry","category-algerie","category-sport"],"_links":{"self":[{"href":"https:\/\/linitiative.ca\/International\/wp-json\/wp\/v2\/posts\/51759","targetHints":{"allow":["GET"]}}],"collection":[{"href":"https:\/\/linitiative.ca\/International\/wp-json\/wp\/v2\/posts"}],"about":[{"href":"https:\/\/linitiative.ca\/International\/wp-json\/wp\/v2\/types\/post"}],"author":[{"embeddable":true,"href":"https:\/\/linitiative.ca\/International\/wp-json\/wp\/v2\/users\/1738"}],"replies":[{"embeddable":true,"href":"https:\/\/linitiative.ca\/International\/wp-json\/wp\/v2\/comments?post=51759"}],"version-history":[{"count":0,"href":"https:\/\/linitiative.ca\/International\/wp-json\/wp\/v2\/posts\/51759\/revisions"}],"wp:featuredmedia":[{"embeddable":true,"href":"https:\/\/linitiative.ca\/International\/wp-json\/"}],"wp:attachment":[{"href":"https:\/\/linitiative.ca\/International\/wp-json\/wp\/v2\/media?parent=51759"}],"wp:term":[{"taxonomy":"category","embeddable":true,"href":"https:\/\/linitiative.ca\/International\/wp-json\/wp\/v2\/categories?post=51759"},{"taxonomy":"post_tag","embeddable":true,"href":"https:\/\/linitiative.ca\/International\/wp-json\/wp\/v2\/tags?post=51759"}],"curies":[{"name":"wp","href":"https:\/\/api.w.org\/{rel}","templated":true}]}}