{"id":51761,"date":"2019-08-15T15:14:29","date_gmt":"2019-08-15T19:14:29","guid":{"rendered":"https:\/\/linitiative.ca\/International\/pros-mehdi-jeannin-jai-envie-de-men-aller\/"},"modified":"2019-08-15T15:14:29","modified_gmt":"2019-08-15T19:14:29","slug":"pros-mehdi-jeannin-jai-envie-de-men-aller","status":"publish","type":"post","link":"https:\/\/linitiative.ca\/International\/pros-mehdi-jeannin-jai-envie-de-men-aller\/","title":{"rendered":"Pros : Mehdi Jeannin : \u00abj\u2019ai envie de m\u2019en aller\u00bb"},"content":{"rendered":"<div readability=\"32\">\n<p>Auteur : <span class=\"time\">jeudi 15 ao\u00fbt 2019 13:18<\/span><\/p>\n<\/div>\n<div id=\"post_core\" readability=\"45\">\n<p>Redevenu doublure \u00e0 Clermont, cette fois de Maxime Dup\u00e9, le gardien de but Alg\u00e9rien, Mehdi Jeannin a particip\u00e9 au match du premier tour la Coupe de la Ligue. A l\u2019issue de la partie, il a manifest\u00e9 son envie de changer d\u2019air\u00a0:\u00a0\u00abOn ne se l\u2019est pas cach\u00e9 : j\u2019ai envie de m\u2019en aller. Apr\u00e8s, honn\u00eatement, il n\u2019y a pas grand-chose (propositions, ndlr). Ca peut se d\u00e9canter \u00e0 tout moment. Il peut arriver quelque chose ailleurs, sans souhaiter de mal, et quelqu\u2019un peut demander un gardien. Jusqu\u2019au dernier jour, on verra. C\u2019est difficile mais je suis quand m\u00eame heureux et content d\u2019\u00eatre avec ce groupe.\u00bb<\/p>\n<p><strong>Publi\u00e9 dans :<\/strong> <span>Jeannin<\/span><\/p>\n<\/div>\n<p>Auteur:<br \/>\n<a href=\"http:\/\/www.lebuteur.com\/article\/detail?titre=mehdi-jeannin-jai-envie-de-men-aller&#038;id=91082&#038;utm_source=feedburner&#038;utm_medium=feed&#038;utm_campaign=Feed%3A+GalerieFArtciles+%28Les+derniers+articles++-+lebuteur.com%29\">Cliquez ici pour lire l&rsquo;article depuis sa source.<\/a><\/p>\n","protected":false},"excerpt":{"rendered":"<p>Auteur : jeudi 15 ao\u00fbt 2019 13:18 Redevenu doublure \u00e0 Clermont, cette fois de Maxime Dup\u00e9, le gardien de but Alg\u00e9rien, Mehdi Jeannin a particip\u00e9 au match du premier tour la Coupe de la Ligue. A l\u2019issue de la partie, il a manifest\u00e9 son envie de changer d\u2019air\u00a0:\u00a0\u00abOn ne se l\u2019est pas cach\u00e9 : j\u2019ai [&hellip;]<\/p>\n","protected":false},"author":1738,"featured_media":51762,"comment_status":"closed","ping_status":"closed","sticky":false,"template":"","format":"standard","meta":{"fifu_image_url":"","fifu_image_alt":"","footnotes":""},"categories":[53,75],"tags":[],"class_list":["post-51761","post","type-post","status-publish","format-standard","has-post-thumbnail","hentry","category-algerie","category-sport"],"_links":{"self":[{"href":"https:\/\/linitiative.ca\/International\/wp-json\/wp\/v2\/posts\/51761","targetHints":{"allow":["GET"]}}],"collection":[{"href":"https:\/\/linitiative.ca\/International\/wp-json\/wp\/v2\/posts"}],"about":[{"href":"https:\/\/linitiative.ca\/International\/wp-json\/wp\/v2\/types\/post"}],"author":[{"embeddable":true,"href":"https:\/\/linitiative.ca\/International\/wp-json\/wp\/v2\/users\/1738"}],"replies":[{"embeddable":true,"href":"https:\/\/linitiative.ca\/International\/wp-json\/wp\/v2\/comments?post=51761"}],"version-history":[{"count":0,"href":"https:\/\/linitiative.ca\/International\/wp-json\/wp\/v2\/posts\/51761\/revisions"}],"wp:featuredmedia":[{"embeddable":true,"href":"https:\/\/linitiative.ca\/International\/wp-json\/"}],"wp:attachment":[{"href":"https:\/\/linitiative.ca\/International\/wp-json\/wp\/v2\/media?parent=51761"}],"wp:term":[{"taxonomy":"category","embeddable":true,"href":"https:\/\/linitiative.ca\/International\/wp-json\/wp\/v2\/categories?post=51761"},{"taxonomy":"post_tag","embeddable":true,"href":"https:\/\/linitiative.ca\/International\/wp-json\/wp\/v2\/tags?post=51761"}],"curies":[{"name":"wp","href":"https:\/\/api.w.org\/{rel}","templated":true}]}}