{"id":51763,"date":"2019-08-15T15:14:31","date_gmt":"2019-08-15T19:14:31","guid":{"rendered":"https:\/\/linitiative.ca\/International\/pros-logc-nice-sinteresse-a-ounas\/"},"modified":"2019-08-15T15:14:31","modified_gmt":"2019-08-15T19:14:31","slug":"pros-logc-nice-sinteresse-a-ounas","status":"publish","type":"post","link":"https:\/\/linitiative.ca\/International\/pros-logc-nice-sinteresse-a-ounas\/","title":{"rendered":"Pros : L\u2019OGC Nice s\u2019int\u00e9resse \u00e0 Ounas"},"content":{"rendered":"<div readability=\"32\">\n<p>Auteur : <span class=\"time\">jeudi 15 ao\u00fbt 2019 16:42<\/span><\/p>\n<\/div>\n<div id=\"post_core\" readability=\"38\">\n<p>A quelques jours de la fin du Mercato estival, Adam Ounas n\u2019est toujours pas encore fix\u00e9 sur son avenir. Le tr\u00e8s technique joueur milieu de terrain de Naples pourrait changer de club et quitter le Napoli. Plusieurs formations se sont montr\u00e9es int\u00e9ress\u00e9es par ses services. \u00a0\u00c0 en croire les informations de Nice Matin, la direction sportive de l\u2019OGC Nice serait sur les traces d\u2019Ounas. Les Ni\u00e7ois souhaitent s\u2019offrir les services d\u2019Ounas sous forme de pr\u00eat avec option d\u2019achat avant la fin de cette p\u00e9riode des transferts. Si cela arrive, Ounas rejoindra donc son compatriote Youcef Atal.<\/p>\n<p><strong>Publi\u00e9 dans :<\/strong> <span>Ounas<\/span><\/p>\n<\/div>\n<p>Auteur:<br \/>\n<a href=\"http:\/\/www.lebuteur.com\/article\/detail?titre=logc-nice-sinteresse-a-ounas&#038;id=91083&#038;utm_source=feedburner&#038;utm_medium=feed&#038;utm_campaign=Feed%3A+GalerieFArtciles+%28Les+derniers+articles++-+lebuteur.com%29\">Cliquez ici pour lire l&rsquo;article depuis sa source.<\/a><\/p>\n","protected":false},"excerpt":{"rendered":"<p>Auteur : jeudi 15 ao\u00fbt 2019 16:42 A quelques jours de la fin du Mercato estival, Adam Ounas n\u2019est toujours pas encore fix\u00e9 sur son avenir. Le tr\u00e8s technique joueur milieu de terrain de Naples pourrait changer de club et quitter le Napoli. Plusieurs formations se sont montr\u00e9es int\u00e9ress\u00e9es par ses services. \u00a0\u00c0 en croire [&hellip;]<\/p>\n","protected":false},"author":1738,"featured_media":51764,"comment_status":"closed","ping_status":"closed","sticky":false,"template":"","format":"standard","meta":{"fifu_image_url":"","fifu_image_alt":"","footnotes":""},"categories":[53,75],"tags":[],"class_list":["post-51763","post","type-post","status-publish","format-standard","has-post-thumbnail","hentry","category-algerie","category-sport"],"_links":{"self":[{"href":"https:\/\/linitiative.ca\/International\/wp-json\/wp\/v2\/posts\/51763","targetHints":{"allow":["GET"]}}],"collection":[{"href":"https:\/\/linitiative.ca\/International\/wp-json\/wp\/v2\/posts"}],"about":[{"href":"https:\/\/linitiative.ca\/International\/wp-json\/wp\/v2\/types\/post"}],"author":[{"embeddable":true,"href":"https:\/\/linitiative.ca\/International\/wp-json\/wp\/v2\/users\/1738"}],"replies":[{"embeddable":true,"href":"https:\/\/linitiative.ca\/International\/wp-json\/wp\/v2\/comments?post=51763"}],"version-history":[{"count":0,"href":"https:\/\/linitiative.ca\/International\/wp-json\/wp\/v2\/posts\/51763\/revisions"}],"wp:featuredmedia":[{"embeddable":true,"href":"https:\/\/linitiative.ca\/International\/wp-json\/"}],"wp:attachment":[{"href":"https:\/\/linitiative.ca\/International\/wp-json\/wp\/v2\/media?parent=51763"}],"wp:term":[{"taxonomy":"category","embeddable":true,"href":"https:\/\/linitiative.ca\/International\/wp-json\/wp\/v2\/categories?post=51763"},{"taxonomy":"post_tag","embeddable":true,"href":"https:\/\/linitiative.ca\/International\/wp-json\/wp\/v2\/tags?post=51763"}],"curies":[{"name":"wp","href":"https:\/\/api.w.org\/{rel}","templated":true}]}}