{"id":51765,"date":"2019-08-15T15:14:33","date_gmt":"2019-08-15T19:14:33","guid":{"rendered":"https:\/\/linitiative.ca\/International\/international-uefa-les-nommes-pour-le-meilleur-joueur-de-lannee-reveles\/"},"modified":"2019-08-15T15:14:33","modified_gmt":"2019-08-15T19:14:33","slug":"international-uefa-les-nommes-pour-le-meilleur-joueur-de-lannee-reveles","status":"publish","type":"post","link":"https:\/\/linitiative.ca\/International\/international-uefa-les-nommes-pour-le-meilleur-joueur-de-lannee-reveles\/","title":{"rendered":"International : UEFA : les nomm\u00e9s pour le meilleur joueur de l&rsquo;ann\u00e9e r\u00e9v\u00e9l\u00e9s"},"content":{"rendered":"<div readability=\"32\">\n<p>Auteur : <span class=\"time\">jeudi 15 ao\u00fbt 2019 16:53<\/span><\/p>\n<\/div>\n<div id=\"post_core\" readability=\"54\">\n<p>L&rsquo;UEFA a d\u00e9voil\u00e9 ce jeudi le nom des trois joueurs en lice pour le prix du meilleur footballeur de l&rsquo;ann\u00e9e 2019. Vainqueur de la Serie A avec la Juventus Turin et de l&rsquo;UEFA Nations League avec le Portugal, Cristiano Ronaldo est nomm\u00e9. L&rsquo;attaquant de 34 ans sera en concurrence avec l&rsquo;Argentin Lionel Messi (32 ans), champion d&rsquo;Espagne avec le FC Barcelone, et le N\u00e9erlandais Virgil van Dijk (28 ans). Le d\u00e9fenseur de Liverpool a remport\u00e9 la Ligue des Champions et termin\u00e9 deuxi\u00e8me de la Premier League. Le successeur de Luka Modric, laur\u00e9at en 2018, sera connu le 29 ao\u00fbt. La suite du Top 10 a \u00e9t\u00e9 r\u00e9v\u00e9l\u00e9e par le site de l&rsquo;UEFA : Alisson Becker (4e, 57 pts), Sadio Man\u00e9 (5e, 51 pts), Mohamed Salah (6e, 49 pts), Eden Hazard (7e, 38 pts), Matthijs de Ligt (8e, 27 pts), Frenkie de Jong (8e, 27 pts) et Raheem Sterling (10e, 12 pts). Chez les femmes, trois Lyonnaises sont candidates : la Fran\u00e7aise Amandine Henry, l&rsquo;Anglaise Lucy Bronze et la Norv\u00e9gienne Ada Hegerberg rapporte Topmercato.com.<\/p>\n<p><strong>Publi\u00e9 dans :<\/strong> <span>UEFA<\/span><\/p>\n<\/div>\n<p>Auteur:<br \/>\n<a href=\"http:\/\/www.lebuteur.com\/article\/detail?titre=uefa-les-nommes-pour-le-meilleur-joueur-de-lannee-reveles&#038;id=91084&#038;utm_source=feedburner&#038;utm_medium=feed&#038;utm_campaign=Feed%3A+GalerieFArtciles+%28Les+derniers+articles++-+lebuteur.com%29\">Cliquez ici pour lire l&rsquo;article depuis sa source.<\/a><\/p>\n","protected":false},"excerpt":{"rendered":"<p>Auteur : jeudi 15 ao\u00fbt 2019 16:53 L&rsquo;UEFA a d\u00e9voil\u00e9 ce jeudi le nom des trois joueurs en lice pour le prix du meilleur footballeur de l&rsquo;ann\u00e9e 2019. Vainqueur de la Serie A avec la Juventus Turin et de l&rsquo;UEFA Nations League avec le Portugal, Cristiano Ronaldo est nomm\u00e9. L&rsquo;attaquant de 34 ans sera en [&hellip;]<\/p>\n","protected":false},"author":1738,"featured_media":51766,"comment_status":"closed","ping_status":"closed","sticky":false,"template":"","format":"standard","meta":{"fifu_image_url":"","fifu_image_alt":"","footnotes":""},"categories":[53,75],"tags":[],"class_list":["post-51765","post","type-post","status-publish","format-standard","has-post-thumbnail","hentry","category-algerie","category-sport"],"_links":{"self":[{"href":"https:\/\/linitiative.ca\/International\/wp-json\/wp\/v2\/posts\/51765","targetHints":{"allow":["GET"]}}],"collection":[{"href":"https:\/\/linitiative.ca\/International\/wp-json\/wp\/v2\/posts"}],"about":[{"href":"https:\/\/linitiative.ca\/International\/wp-json\/wp\/v2\/types\/post"}],"author":[{"embeddable":true,"href":"https:\/\/linitiative.ca\/International\/wp-json\/wp\/v2\/users\/1738"}],"replies":[{"embeddable":true,"href":"https:\/\/linitiative.ca\/International\/wp-json\/wp\/v2\/comments?post=51765"}],"version-history":[{"count":0,"href":"https:\/\/linitiative.ca\/International\/wp-json\/wp\/v2\/posts\/51765\/revisions"}],"wp:featuredmedia":[{"embeddable":true,"href":"https:\/\/linitiative.ca\/International\/wp-json\/"}],"wp:attachment":[{"href":"https:\/\/linitiative.ca\/International\/wp-json\/wp\/v2\/media?parent=51765"}],"wp:term":[{"taxonomy":"category","embeddable":true,"href":"https:\/\/linitiative.ca\/International\/wp-json\/wp\/v2\/categories?post=51765"},{"taxonomy":"post_tag","embeddable":true,"href":"https:\/\/linitiative.ca\/International\/wp-json\/wp\/v2\/tags?post=51765"}],"curies":[{"name":"wp","href":"https:\/\/api.w.org\/{rel}","templated":true}]}}