{"id":51767,"date":"2019-08-15T15:14:34","date_gmt":"2019-08-15T19:14:34","guid":{"rendered":"https:\/\/linitiative.ca\/International\/afrique-maroc-halilhodzic-est-nomme-selectionneur-officiel\/"},"modified":"2019-08-15T15:14:34","modified_gmt":"2019-08-15T19:14:34","slug":"afrique-maroc-halilhodzic-est-nomme-selectionneur-officiel","status":"publish","type":"post","link":"https:\/\/linitiative.ca\/International\/afrique-maroc-halilhodzic-est-nomme-selectionneur-officiel\/","title":{"rendered":"Afrique : Maroc : Halilhodzic est nomm\u00e9 s\u00e9lectionneur (Officiel)"},"content":{"rendered":"<div readability=\"32\">\n<p>Auteur : <span class=\"time\">jeudi 15 ao\u00fbt 2019 18:25<\/span><\/p>\n<\/div>\n<div id=\"post_core\" readability=\"39\">\n<p>Le Maroc a officialis\u00e9 l&rsquo;arriv\u00e9e de Vahid Halilhodzic en tant que s\u00e9lectionneur. Le Bosnien, qui a r\u00e9cemment quitt\u00e9 Nantes, n&rsquo;est pas rest\u00e9 longtemps sans poste. Il prendra d\u00e9sormais place sur le banc du Maroc, o\u00f9 il va succ\u00e9der \u00e0 Herv\u00e9 Renard rapporte Topmercato.com.<\/p>\n<p><strong>Publi\u00e9 dans :<\/strong> <span>Halilhodzic<\/span> <span>maroc<\/span><\/p>\n<\/div>\n<p>Auteur:<br \/>\n<a href=\"http:\/\/www.lebuteur.com\/article\/detail?titre=maroc-halilhodzic-est-nomme-selectionneur-officiel&#038;id=91085&#038;utm_source=feedburner&#038;utm_medium=feed&#038;utm_campaign=Feed%3A+GalerieFArtciles+%28Les+derniers+articles++-+lebuteur.com%29\">Cliquez ici pour lire l&rsquo;article depuis sa source.<\/a><\/p>\n","protected":false},"excerpt":{"rendered":"<p>Auteur : jeudi 15 ao\u00fbt 2019 18:25 Le Maroc a officialis\u00e9 l&rsquo;arriv\u00e9e de Vahid Halilhodzic en tant que s\u00e9lectionneur. Le Bosnien, qui a r\u00e9cemment quitt\u00e9 Nantes, n&rsquo;est pas rest\u00e9 longtemps sans poste. Il prendra d\u00e9sormais place sur le banc du Maroc, o\u00f9 il va succ\u00e9der \u00e0 Herv\u00e9 Renard rapporte Topmercato.com. Publi\u00e9 dans : Halilhodzic maroc [&hellip;]<\/p>\n","protected":false},"author":1738,"featured_media":51768,"comment_status":"closed","ping_status":"closed","sticky":false,"template":"","format":"standard","meta":{"fifu_image_url":"","fifu_image_alt":"","footnotes":""},"categories":[53,75],"tags":[],"class_list":["post-51767","post","type-post","status-publish","format-standard","has-post-thumbnail","hentry","category-algerie","category-sport"],"_links":{"self":[{"href":"https:\/\/linitiative.ca\/International\/wp-json\/wp\/v2\/posts\/51767","targetHints":{"allow":["GET"]}}],"collection":[{"href":"https:\/\/linitiative.ca\/International\/wp-json\/wp\/v2\/posts"}],"about":[{"href":"https:\/\/linitiative.ca\/International\/wp-json\/wp\/v2\/types\/post"}],"author":[{"embeddable":true,"href":"https:\/\/linitiative.ca\/International\/wp-json\/wp\/v2\/users\/1738"}],"replies":[{"embeddable":true,"href":"https:\/\/linitiative.ca\/International\/wp-json\/wp\/v2\/comments?post=51767"}],"version-history":[{"count":0,"href":"https:\/\/linitiative.ca\/International\/wp-json\/wp\/v2\/posts\/51767\/revisions"}],"wp:featuredmedia":[{"embeddable":true,"href":"https:\/\/linitiative.ca\/International\/wp-json\/"}],"wp:attachment":[{"href":"https:\/\/linitiative.ca\/International\/wp-json\/wp\/v2\/media?parent=51767"}],"wp:term":[{"taxonomy":"category","embeddable":true,"href":"https:\/\/linitiative.ca\/International\/wp-json\/wp\/v2\/categories?post=51767"},{"taxonomy":"post_tag","embeddable":true,"href":"https:\/\/linitiative.ca\/International\/wp-json\/wp\/v2\/tags?post=51767"}],"curies":[{"name":"wp","href":"https:\/\/api.w.org\/{rel}","templated":true}]}}