{"id":51773,"date":"2019-08-15T10:15:08","date_gmt":"2019-08-15T14:15:08","guid":{"rendered":"https:\/\/linitiative.ca\/International\/93192-foot-prix-uefa-du-meilleur-joueur-messi-ronaldo-et-van-dijk-en-lice\/"},"modified":"2019-08-15T10:15:08","modified_gmt":"2019-08-15T14:15:08","slug":"93192-foot-prix-uefa-du-meilleur-joueur-messi-ronaldo-et-van-dijk-en-lice","status":"publish","type":"post","link":"https:\/\/linitiative.ca\/International\/93192-foot-prix-uefa-du-meilleur-joueur-messi-ronaldo-et-van-dijk-en-lice\/","title":{"rendered":"Foot\/Prix UEFA du meilleur joueur: Messi, Ronaldo et Van Dijk en lice"},"content":{"rendered":"<div>\n<div class=\"K2FeedImage\"><img decoding=\"async\" src=\"http:\/\/www.aps.dz\/media\/k2\/items\/cache\/0625e891693cf947d96ac4a8e12aac88_S.jpg\" alt=\"Foot\/Prix UEFA du meilleur joueur: Messi, Ronaldo et Van Dijk en lice\"><\/div>\n<div class=\"K2FeedIntroText\">\n<p><strong>NYON (Suisse) &#8211; Lionel Messi, Cristiano Ronaldo et Virgil Van Dijk sont en lice pour le prix du meilleur joueur UEFA de la saison \u00e9coul\u00e9e, qui sera remis le 29 ao\u00fbt \u00e0 Monaco.<\/strong><\/p>\n<\/div>\n<div class=\"K2FeedFullText\">\n<p>Messi (Barcelone), Ronaldo (Juventus Turin) et le N\u00e9erlandais Van Dijk, qui a remport\u00e9 la Ligue des champions avec Liverpool, ont \u00e9t\u00e9 s\u00e9lectionn\u00e9s par un jury compos\u00e9 de 80 entra\u00eeneurs de clubs ayant particip\u00e9 \u00e0 la Ligue des champions et \u00e0 la Ligue Europa et de 55 journalistes.<\/p>\n<p>Chez les dames, le jury a retenu trois joueuses de l&rsquo;Olympique lyonnais, vainqueur de la Ligue des champions: l&rsquo;Anglaise Lucy Bronze, la Norv\u00e9gienne Ada Hegerberg et la Fran\u00e7aise Amandine Henry.<\/p>\n<p>Les laur\u00e9ats seront annonc\u00e9s le 29 ao\u00fbt lors du tirage au sort de la phase de groupes de la Ligue des champions.<\/p>\n<p>En 2018, c&rsquo;est le Croate Luka Modric (Real Madrid) et la Danoise Pernille Harder (Wolfsburg) qui avaient \u00e9t\u00e9 honor\u00e9s.<\/p>\n<p>Cr\u00e9\u00e9 en 2011, le premier prix du meilleur joueur UEFA a \u00e9t\u00e9 remport\u00e9 par Lionel Messi, qui l&rsquo;a de nouveau d\u00e9croch\u00e9 en 2015. L&rsquo;Espagnol Andr\u00e9s Iniesta l&rsquo;a remport\u00e9 en 2012, le Fran\u00e7ais Franck Rib\u00e9ry en 2013 et le Portugais Cristiano Ronaldo en 2014, 2016 et 2017.<\/p>\n<\/div>\n<p><img loading=\"lazy\" decoding=\"async\" src=\"http:\/\/feeds.feedburner.com\/~r\/aps-sport\/~4\/btwfSQhzpn4\" height=\"1\" width=\"1\" alt=\"\"><\/div>\n<p>Auteur:<br \/>\n<a href=\"http:\/\/www.aps.dz\/sport\/93192-foot-prix-uefa-du-meilleur-joueur-messi-ronaldo-et-van-dijk-en-lice?utm_source=feedburner&#038;utm_medium=feed&#038;utm_campaign=Feed%3A+aps-sport+%28APS+-+SPORT%29\">Cliquez ici pour lire l&rsquo;article depuis sa source.<\/a><\/p>\n","protected":false},"excerpt":{"rendered":"<p>NYON (Suisse) &#8211; Lionel Messi, Cristiano Ronaldo et Virgil Van Dijk sont en lice pour le prix du meilleur joueur UEFA de la saison \u00e9coul\u00e9e, qui sera remis le 29 ao\u00fbt \u00e0 Monaco. Messi (Barcelone), Ronaldo (Juventus Turin) et le N\u00e9erlandais Van Dijk, qui a remport\u00e9 la Ligue des champions avec Liverpool, ont \u00e9t\u00e9 s\u00e9lectionn\u00e9s [&hellip;]<\/p>\n","protected":false},"author":1790,"featured_media":51774,"comment_status":"closed","ping_status":"closed","sticky":false,"template":"","format":"standard","meta":{"fifu_image_url":"","fifu_image_alt":"","footnotes":""},"categories":[53,75],"tags":[],"class_list":["post-51773","post","type-post","status-publish","format-standard","has-post-thumbnail","hentry","category-algerie","category-sport"],"_links":{"self":[{"href":"https:\/\/linitiative.ca\/International\/wp-json\/wp\/v2\/posts\/51773","targetHints":{"allow":["GET"]}}],"collection":[{"href":"https:\/\/linitiative.ca\/International\/wp-json\/wp\/v2\/posts"}],"about":[{"href":"https:\/\/linitiative.ca\/International\/wp-json\/wp\/v2\/types\/post"}],"author":[{"embeddable":true,"href":"https:\/\/linitiative.ca\/International\/wp-json\/wp\/v2\/users\/1790"}],"replies":[{"embeddable":true,"href":"https:\/\/linitiative.ca\/International\/wp-json\/wp\/v2\/comments?post=51773"}],"version-history":[{"count":0,"href":"https:\/\/linitiative.ca\/International\/wp-json\/wp\/v2\/posts\/51773\/revisions"}],"wp:featuredmedia":[{"embeddable":true,"href":"https:\/\/linitiative.ca\/International\/wp-json\/"}],"wp:attachment":[{"href":"https:\/\/linitiative.ca\/International\/wp-json\/wp\/v2\/media?parent=51773"}],"wp:term":[{"taxonomy":"category","embeddable":true,"href":"https:\/\/linitiative.ca\/International\/wp-json\/wp\/v2\/categories?post=51773"},{"taxonomy":"post_tag","embeddable":true,"href":"https:\/\/linitiative.ca\/International\/wp-json\/wp\/v2\/tags?post=51773"}],"curies":[{"name":"wp","href":"https:\/\/api.w.org\/{rel}","templated":true}]}}