{"id":51775,"date":"2019-08-15T10:54:12","date_gmt":"2019-08-15T14:54:12","guid":{"rendered":"https:\/\/linitiative.ca\/International\/93197-cyclisme-un-an-de-suspension-pour-le-president-de-la-ligue-d-alger\/"},"modified":"2019-08-15T10:54:12","modified_gmt":"2019-08-15T14:54:12","slug":"93197-cyclisme-un-an-de-suspension-pour-le-president-de-la-ligue-d-alger","status":"publish","type":"post","link":"https:\/\/linitiative.ca\/International\/93197-cyclisme-un-an-de-suspension-pour-le-president-de-la-ligue-d-alger\/","title":{"rendered":"Cyclisme: un an de suspension pour le pr\u00e9sident de la Ligue d&rsquo;Alger"},"content":{"rendered":"<div>\n<div class=\"K2FeedImage\"><img decoding=\"async\" src=\"http:\/\/www.aps.dz\/media\/k2\/items\/cache\/e729c4c942f895fb260764c7db9b6068_S.jpg\" alt=\"Cyclisme: un an de suspension pour le pr\u00e9sident de la Ligue d'Alger\"><\/div>\n<div class=\"K2FeedIntroText\">\n<p><strong>ALGER &#8211; Le pr\u00e9sident de la Ligue alg\u00e9roise de cyclisme (LAC), Messaoud Daoud a \u00e9cop\u00e9 d&rsquo;une suspension d&rsquo;une ann\u00e9e ferme de toutes activit\u00e9s en relation avec la discipline, a-t-on appris jeudi de la F\u00e9d\u00e9ration alg\u00e9rienne de cyclisme (FAC).<\/strong><\/p>\n<\/div>\n<div class=\"K2FeedFullText\">\n<p>Outre cette sanction, la commission de discipline de la FAC, install\u00e9e en juin dernier lors de la derni\u00e8re assembl\u00e9e g\u00e9n\u00e9rale ordinaire (AGO), a inflig\u00e9 au pr\u00e9sident de la LAC une amende de 100.000 DA, a ajout\u00e9 la m\u00eame source.<\/p>\n<p>Messaoud Daoud avait \u00e9t\u00e9 auditionn\u00e9 fin juillet par la commission de discipline de la F\u00e9d\u00e9ration alg\u00e9rienne de cyclisme pour r\u00e9pondre des griefs retenus contre lui, dont celui d&rsquo;avoir port\u00e9 atteinte \u00e0 sa stabilit\u00e9 en contestant notamment les conditions dans lesquelles s&rsquo;\u00e9tait d\u00e9roul\u00e9e l&rsquo;AGO.<\/p>\n<p>La FAC a consid\u00e9r\u00e9 aussi que Messaoud Daoud avait \u00ab\u00a0outrepass\u00e9 ses pr\u00e9rogatives\u00a0\u00bb en invitant un club espagnol \u00e0 participer au Grand-Prix cycliste d&rsquo;Alger, qu&rsquo;il souhaitait organiser alors qu&rsquo;\u00e0 ce moment-l\u00e0, la f\u00e9d\u00e9ration \u00e9tait encore en veilleuse.<\/p>\n<\/div>\n<p><img loading=\"lazy\" decoding=\"async\" src=\"http:\/\/feeds.feedburner.com\/~r\/aps-sport\/~4\/MP6tiIq0zK0\" height=\"1\" width=\"1\" alt=\"\"><\/div>\n<p>Auteur:<br \/>\n<a href=\"http:\/\/www.aps.dz\/sport\/93197-cyclisme-un-an-de-suspension-pour-le-president-de-la-ligue-d-alger?utm_source=feedburner&#038;utm_medium=feed&#038;utm_campaign=Feed%3A+aps-sport+%28APS+-+SPORT%29\">Cliquez ici pour lire l&rsquo;article depuis sa source.<\/a><\/p>\n","protected":false},"excerpt":{"rendered":"<p>ALGER &#8211; Le pr\u00e9sident de la Ligue alg\u00e9roise de cyclisme (LAC), Messaoud Daoud a \u00e9cop\u00e9 d&rsquo;une suspension d&rsquo;une ann\u00e9e ferme de toutes activit\u00e9s en relation avec la discipline, a-t-on appris jeudi de la F\u00e9d\u00e9ration alg\u00e9rienne de cyclisme (FAC). Outre cette sanction, la commission de discipline de la FAC, install\u00e9e en juin dernier lors de la [&hellip;]<\/p>\n","protected":false},"author":1790,"featured_media":51776,"comment_status":"closed","ping_status":"closed","sticky":false,"template":"","format":"standard","meta":{"fifu_image_url":"","fifu_image_alt":"","footnotes":""},"categories":[53,75],"tags":[],"class_list":["post-51775","post","type-post","status-publish","format-standard","has-post-thumbnail","hentry","category-algerie","category-sport"],"_links":{"self":[{"href":"https:\/\/linitiative.ca\/International\/wp-json\/wp\/v2\/posts\/51775","targetHints":{"allow":["GET"]}}],"collection":[{"href":"https:\/\/linitiative.ca\/International\/wp-json\/wp\/v2\/posts"}],"about":[{"href":"https:\/\/linitiative.ca\/International\/wp-json\/wp\/v2\/types\/post"}],"author":[{"embeddable":true,"href":"https:\/\/linitiative.ca\/International\/wp-json\/wp\/v2\/users\/1790"}],"replies":[{"embeddable":true,"href":"https:\/\/linitiative.ca\/International\/wp-json\/wp\/v2\/comments?post=51775"}],"version-history":[{"count":0,"href":"https:\/\/linitiative.ca\/International\/wp-json\/wp\/v2\/posts\/51775\/revisions"}],"wp:featuredmedia":[{"embeddable":true,"href":"https:\/\/linitiative.ca\/International\/wp-json\/"}],"wp:attachment":[{"href":"https:\/\/linitiative.ca\/International\/wp-json\/wp\/v2\/media?parent=51775"}],"wp:term":[{"taxonomy":"category","embeddable":true,"href":"https:\/\/linitiative.ca\/International\/wp-json\/wp\/v2\/categories?post=51775"},{"taxonomy":"post_tag","embeddable":true,"href":"https:\/\/linitiative.ca\/International\/wp-json\/wp\/v2\/tags?post=51775"}],"curies":[{"name":"wp","href":"https:\/\/api.w.org\/{rel}","templated":true}]}}