{"id":51796,"date":"2019-08-15T05:35:35","date_gmt":"2019-08-15T09:35:35","guid":{"rendered":"https:\/\/linitiative.ca\/International\/des-irregularites-entachent-le-dernier-mouvement-des-chefs-de-cour-interferences-extrajudiciaires-ou-meconnaissances-des-lois\/"},"modified":"2019-08-15T05:35:35","modified_gmt":"2019-08-15T09:35:35","slug":"des-irregularites-entachent-le-dernier-mouvement-des-chefs-de-cour-interferences-extrajudiciaires-ou-meconnaissances-des-lois","status":"publish","type":"post","link":"https:\/\/linitiative.ca\/International\/des-irregularites-entachent-le-dernier-mouvement-des-chefs-de-cour-interferences-extrajudiciaires-ou-meconnaissances-des-lois\/","title":{"rendered":"Des irr\u00e9gularit\u00e9s entachent le dernier mouvement des chefs de cour : Interf\u00e9rences extrajudiciaires ou m\u00e9connaissances des lois ?"},"content":{"rendered":"<h4 class=\"title-14\"\/>\n<div class=\"featured_image\"><img width=\"700\" height=\"500\" data-cfsrc=\"https:\/\/www.elwatan.com\/wp-content\/uploads\/2019\/08\/csm.jpg\" class=\"attachment-post-thumbnail size-post-thumbnail wp-post-image c2\" alt=\"\" srcset=\"https:\/\/www.elwatan.com\/wp-content\/uploads\/2019\/08\/csm.jpg 700w, https:\/\/www.elwatan.com\/wp-content\/uploads\/2019\/08\/csm-300x214.jpg 300w\" sizes=\"(max-width: 700px) 100vw, 700px\"\/><noscript><\/p>\n<p><img loading=\"lazy\" decoding=\"async\" width=\"700\" height=\"500\" src=\"https:\/\/www.elwatan.com\/wp-content\/uploads\/2019\/08\/csm.jpg\" class=\"attachment-post-thumbnail size-post-thumbnail wp-post-image\" alt=\"\" srcset=\"https:\/\/www.elwatan.com\/wp-content\/uploads\/2019\/08\/csm.jpg 700w, https:\/\/www.elwatan.com\/wp-content\/uploads\/2019\/08\/csm-300x214.jpg 300w\" sizes=\"auto, (max-width: 700px) 100vw, 700px\"\/><\/p>\n<p><\/noscript> <span class=\"featured-image-caption\">Les derniers changements ont provoqu\u00e9 une pol\u00e9mique et des interrogations<\/span><\/div>\n<p>A peine quelques jours apr\u00e8s le dernier mouvement dans les rangs des chefs de cour et d\u00e9j\u00e0 on \u00e9voque une violation criante de la loi organique r\u00e9gissant le Conseil sup\u00e9rieur de la magistrature (CSM), du moins pour deux cas av\u00e9r\u00e9s, qui ont \u00e9t\u00e9 promus alors qu\u2019ils n\u2019ouvrent pas droit \u00e0 une telle d\u00e9cision.<\/p>\n<p>D\u2019abord la promotion de Benyahia Farida, \u00e9pouse Bouarroudj, propuls\u00e9e du poste de pr\u00e9sidente de section au Conseil d\u2019Etat \u00e0 la pr\u00e9sidence de cette juridiction. Etant membre \u00e9lue du CSM, repr\u00e9sentant les juges de si\u00e8ge du CSM, Mme Benyahia n\u2019ouvre plus droit \u00e0 une telle promotion depuis que son nom figure parmi la nouvelle composante du CSM, issue du dernier scrutin pour le renouvellement des instances et install\u00e9e le 2 juillet dernier.<\/p>\n<p>L\u2019article 6 de la loi organique portant fonctionnement et organisation du CSM, publi\u00e9 en 2004, stipule clairement que \u00abdurant tout leur mandat, les membres du CSM ne peuvent faire l\u2019objet d\u2019une quelconque promotion ou mutation\u00bb.<\/p>\n<p>Le cas de Mme Benyahia n\u2019est pas unique. Abdelmadjid Djebari, qui avait \u00e9t\u00e9 \u00e9galement \u00e9lu membre du CSM en tant que repr\u00e9sentant des magistrats du parquet, a \u00e9t\u00e9, lors du dernier mouvement des chefs de cour, mut\u00e9 \u00e0 la cour de S\u00e9tif en tant que procureur g\u00e9n\u00e9ral. \u00abUne autre violation de la loi\u00bb, indiquent nos interlocuteurs.<\/p>\n<p>Pour ces derniers, \u00abde telles d\u00e9cisions d\u00e9notent soit une flagrante m\u00e9connaissance des lois, soit une interf\u00e9rence extrajudiciaire dans la gestion de la carri\u00e8re des magistrats.<\/p>\n<p>Or, il est quasiment impossible qu\u2019un fin proc\u00e9durier comme l\u2019actuel ministre de la Justice puise commettre une telle erreur. Il conna\u00eet une bonne partie des magistrats comp\u00e9tents, ceux qui ont \u00e9t\u00e9 brim\u00e9s dans leur carri\u00e8re et que l\u2019on retrouve d\u2019ailleurs dans la liste des promus. Ce mouvement porte sa signature, mais il y a des points noirs qu\u2019il doit assumer. La seule explication que l\u2019on pourrait donner \u00e0 une telle violation de la loi est l\u2019interf\u00e9rence extrajudiciaire\u00bb.<\/p>\n<p>Nos interlocuteurs s\u2019interrogent par ailleurs sur la promotion de quelques magistrats au rang de chef de cour, alors qu\u2019ils ne r\u00e9pondent pas au crit\u00e8re du nombre d\u2019ann\u00e9es d\u2019exp\u00e9rience et de comp\u00e9tence. \u00abIl est vrai qu\u2019une bonne partie des magistrats d\u00e9sign\u00e9s \u00e0 la t\u00eate des cours m\u00e9ritent amplement leur promotion vu leurs comp\u00e9tences, et bon nombre d\u2019entre eux ont \u00e9t\u00e9 marginalis\u00e9s pour une raison ou une autre. Cependant, certains semblent avoir \u00e9t\u00e9 propuls\u00e9s pour des consid\u00e9rations qui n\u2019ont aucun lien avec la comp\u00e9tence ou l\u2019exp\u00e9rience professionnelle\u00bb, r\u00e9v\u00e8lent nos sources.<\/p>\n<p>Celles-ci ne manquent pas de s\u2019interroger sur le r\u00f4le du CSM, qui au vu de la loi est l\u2019unique instance qui veille \u00e0 la gestion de la carri\u00e8re des magistrats\u00a0: \u00abUn tel mouvement rel\u00e8ve certes du chef de l\u2019Etat, sur proposition du ministre de la Justice, mais il est cens\u00e9 passer d\u2019abord par le CSM. Force est de constater que ce dernier a \u00e9t\u00e9 mis \u00e0 l\u2019\u00e9cart, autrement deux de ses membres n\u2019auraient pas \u00e9t\u00e9 promus ou mut\u00e9s.\u00bb Visiblement, il n\u2019y a pas que le CSM qui semble avoir \u00e9t\u00e9 \u00e9loign\u00e9 de cette op\u00e9ration de changement \u00e0 la t\u00eate des cours.<\/p>\n<p>Le SNM (Syndicat national des magistrats) dans sa version apr\u00e8s les mouvements de contestation populaire, et le Club des magistrats libres, cr\u00e9\u00e9 \u00e9galement dans le m\u00eame contexte, n\u2019ont toujours pas exprim\u00e9 leurs positions, surtout que ces changements sont les premiers depuis le d\u00e9but des marches populaires. Les deux organisations avaient promis de tout faire pour garantir l\u2019ind\u00e9pendance de la justice et du juge et de faire en sorte que le secteur conquiert son ind\u00e9pendance. Mais entre les promesses et la r\u00e9alit\u00e9, il y a tout un monde.<\/p>\n<p><span class=\"post-views-label\">Post Views:<\/span> <span class=\"post-views-count\">3\u00a0338<\/span><\/p>\n<p><br class=\"c4\"\/><br \/>\nAuteur: Hicham Chouadria<br \/>\n<a href=\"https:\/\/www.elwatan.com\/edition\/actualite\/des-irregularites-entachent-le-dernier-mouvement-des-chefs-de-cour-interferences-extrajudiciaires-ou-meconnaissances-des-lois-15-08-2019\">Cliquez ici pour lire l&rsquo;article depuis sa source.<\/a><\/p>\n","protected":false},"excerpt":{"rendered":"<p>Les derniers changements ont provoqu\u00e9 une pol\u00e9mique et des interrogations A peine quelques jours apr\u00e8s le dernier mouvement dans les rangs des chefs de cour et d\u00e9j\u00e0 on \u00e9voque une violation criante de la loi organique r\u00e9gissant le Conseil sup\u00e9rieur de la magistrature (CSM), du moins pour deux cas av\u00e9r\u00e9s, qui ont \u00e9t\u00e9 promus alors [&hellip;]<\/p>\n","protected":false},"author":1743,"featured_media":51797,"comment_status":"closed","ping_status":"closed","sticky":false,"template":"","format":"standard","meta":{"fifu_image_url":"","fifu_image_alt":"","footnotes":""},"categories":[73,53],"tags":[],"class_list":["post-51796","post","type-post","status-publish","format-standard","has-post-thumbnail","hentry","category-actualite","category-algerie"],"_links":{"self":[{"href":"https:\/\/linitiative.ca\/International\/wp-json\/wp\/v2\/posts\/51796","targetHints":{"allow":["GET"]}}],"collection":[{"href":"https:\/\/linitiative.ca\/International\/wp-json\/wp\/v2\/posts"}],"about":[{"href":"https:\/\/linitiative.ca\/International\/wp-json\/wp\/v2\/types\/post"}],"author":[{"embeddable":true,"href":"https:\/\/linitiative.ca\/International\/wp-json\/wp\/v2\/users\/1743"}],"replies":[{"embeddable":true,"href":"https:\/\/linitiative.ca\/International\/wp-json\/wp\/v2\/comments?post=51796"}],"version-history":[{"count":0,"href":"https:\/\/linitiative.ca\/International\/wp-json\/wp\/v2\/posts\/51796\/revisions"}],"wp:featuredmedia":[{"embeddable":true,"href":"https:\/\/linitiative.ca\/International\/wp-json\/"}],"wp:attachment":[{"href":"https:\/\/linitiative.ca\/International\/wp-json\/wp\/v2\/media?parent=51796"}],"wp:term":[{"taxonomy":"category","embeddable":true,"href":"https:\/\/linitiative.ca\/International\/wp-json\/wp\/v2\/categories?post=51796"},{"taxonomy":"post_tag","embeddable":true,"href":"https:\/\/linitiative.ca\/International\/wp-json\/wp\/v2\/tags?post=51796"}],"curies":[{"name":"wp","href":"https:\/\/api.w.org\/{rel}","templated":true}]}}