{"id":51803,"date":"2019-08-15T13:50:48","date_gmt":"2019-08-15T17:50:48","guid":{"rendered":"https:\/\/linitiative.ca\/International\/marsat-ben-mhidi-tlemcen-violente-repression-policiere-contre-des-jeunes-en-colere\/"},"modified":"2019-08-15T13:50:48","modified_gmt":"2019-08-15T17:50:48","slug":"marsat-ben-mhidi-tlemcen-violente-repression-policiere-contre-des-jeunes-en-colere","status":"publish","type":"post","link":"https:\/\/linitiative.ca\/International\/marsat-ben-mhidi-tlemcen-violente-repression-policiere-contre-des-jeunes-en-colere\/","title":{"rendered":"Marsat ben M\u2019hidi (Tlemcen) : Violente r\u00e9pression polici\u00e8re contre des jeunes en col\u00e8re"},"content":{"rendered":"<h4 class=\"title-14\"\/>\n<div class=\"featured_image\"><img width=\"480\" height=\"537\" data-cfsrc=\"https:\/\/www.elwatan.com\/wp-content\/uploads\/2019\/08\/Capture2-1.png\" class=\"attachment-post-thumbnail size-post-thumbnail wp-post-image c2\" alt=\"\" srcset=\"https:\/\/www.elwatan.com\/wp-content\/uploads\/2019\/08\/Capture2-1.png 480w, https:\/\/www.elwatan.com\/wp-content\/uploads\/2019\/08\/Capture2-1-268x300.png 268w\" sizes=\"(max-width: 480px) 100vw, 480px\"\/><noscript><\/p>\n<p><img loading=\"lazy\" decoding=\"async\" width=\"480\" height=\"537\" src=\"https:\/\/www.elwatan.com\/wp-content\/uploads\/2019\/08\/Capture2-1.png\" class=\"attachment-post-thumbnail size-post-thumbnail wp-post-image\" alt=\"\" srcset=\"https:\/\/www.elwatan.com\/wp-content\/uploads\/2019\/08\/Capture2-1.png 480w, https:\/\/www.elwatan.com\/wp-content\/uploads\/2019\/08\/Capture2-1-268x300.png 268w\" sizes=\"auto, (max-width: 480px) 100vw, 480px\"\/><\/p>\n<p><\/noscript><\/div>\n<p>Suite \u00e0 un crime crapuleux dont a \u00e9t\u00e9 victime un jeune de 25 ans, des jeunes sont sortis dans la rue, dans la nuit de mercredi \u00e0 jeudi, pour d\u00e9noncer l\u2019ins\u00e9curit\u00e9 \u00e0 Marsat ben M\u2019hidi, une station baln\u00e9aire qui re\u00e7oit 2 millions d\u2019estivants en cette p\u00e9riode.<\/p>\n<p>La police a r\u00e9agi violemment en usant d\u2019armes \u00e0 feu et en tabassant sans piti\u00e9 des jeunes innocents.<\/p>\n<p><iframe loading=\"lazy\" class=\"c9\" src=\"https:\/\/www.facebook.com\/plugins\/video.php?href=https%3A%2F%2Fwww.facebook.com%2Fabdesselambaroudi%2Fvideos%2F2416555578621776%2F&#038;show_text=0&#038;width=267\" width=\"267\" height=\"476\" frameborder=\"0\" scrolling=\"no\" allowfullscreen=\"allowfullscreen\">[embedded content]<\/iframe><\/p>\n<p>La ligue alg\u00e9rienne pour la d\u00e9fense des droits de l\u2019homme, par la voix de son responsable local, Faleh Hammoudi d\u00e9nonce cette \u00ab\u00a0provocation de la police locale et cette \u00ab\u00a0r\u00e9pression polici\u00e8re. Nous aloons observer un sit in devant le si\u00e8ge de la s\u00fbret\u00e9 de da\u00efra de Marsat ben M\u2019hidi\u00a0\u00bb<\/p>\n<p><span class=\"post-views-label\">Post Views:<\/span> <span class=\"post-views-count\">2\u00a0607<\/span><\/p>\n<p><br class=\"c4\"\/><\/p>\n<p>Auteur: Farouk Djouadi<br \/>\n<a href=\"https:\/\/www.elwatan.com\/edition\/actualite\/marsat-ben-mhidi-tlemcen-violente-repression-policiere-contre-des-jeunes-en-colere-video-15-08-2019\">Cliquez ici pour lire l&rsquo;article depuis sa source.<\/a><\/p>\n","protected":false},"excerpt":{"rendered":"<p>Suite \u00e0 un crime crapuleux dont a \u00e9t\u00e9 victime un jeune de 25 ans, des jeunes sont sortis dans la rue, dans la nuit de mercredi \u00e0 jeudi, pour d\u00e9noncer l\u2019ins\u00e9curit\u00e9 \u00e0 Marsat ben M\u2019hidi, une station baln\u00e9aire qui re\u00e7oit 2 millions d\u2019estivants en cette p\u00e9riode. La police a r\u00e9agi violemment en usant d\u2019armes \u00e0 [&hellip;]<\/p>\n","protected":false},"author":1743,"featured_media":51804,"comment_status":"closed","ping_status":"closed","sticky":false,"template":"","format":"standard","meta":{"fifu_image_url":"","fifu_image_alt":"","footnotes":""},"categories":[73,53],"tags":[],"class_list":["post-51803","post","type-post","status-publish","format-standard","has-post-thumbnail","hentry","category-actualite","category-algerie"],"_links":{"self":[{"href":"https:\/\/linitiative.ca\/International\/wp-json\/wp\/v2\/posts\/51803","targetHints":{"allow":["GET"]}}],"collection":[{"href":"https:\/\/linitiative.ca\/International\/wp-json\/wp\/v2\/posts"}],"about":[{"href":"https:\/\/linitiative.ca\/International\/wp-json\/wp\/v2\/types\/post"}],"author":[{"embeddable":true,"href":"https:\/\/linitiative.ca\/International\/wp-json\/wp\/v2\/users\/1743"}],"replies":[{"embeddable":true,"href":"https:\/\/linitiative.ca\/International\/wp-json\/wp\/v2\/comments?post=51803"}],"version-history":[{"count":0,"href":"https:\/\/linitiative.ca\/International\/wp-json\/wp\/v2\/posts\/51803\/revisions"}],"wp:featuredmedia":[{"embeddable":true,"href":"https:\/\/linitiative.ca\/International\/wp-json\/"}],"wp:attachment":[{"href":"https:\/\/linitiative.ca\/International\/wp-json\/wp\/v2\/media?parent=51803"}],"wp:term":[{"taxonomy":"category","embeddable":true,"href":"https:\/\/linitiative.ca\/International\/wp-json\/wp\/v2\/categories?post=51803"},{"taxonomy":"post_tag","embeddable":true,"href":"https:\/\/linitiative.ca\/International\/wp-json\/wp\/v2\/tags?post=51803"}],"curies":[{"name":"wp","href":"https:\/\/api.w.org\/{rel}","templated":true}]}}