{"id":51805,"date":"2019-08-15T13:57:08","date_gmt":"2019-08-15T17:57:08","guid":{"rendered":"https:\/\/linitiative.ca\/International\/75e-anniversaire-de-la-liberation-de-la-provence-pour-macron-la-liberte-est-venue-de-la-mediterranee\/"},"modified":"2019-08-15T13:57:08","modified_gmt":"2019-08-15T17:57:08","slug":"75e-anniversaire-de-la-liberation-de-la-provence-pour-macron-la-liberte-est-venue-de-la-mediterranee","status":"publish","type":"post","link":"https:\/\/linitiative.ca\/International\/75e-anniversaire-de-la-liberation-de-la-provence-pour-macron-la-liberte-est-venue-de-la-mediterranee\/","title":{"rendered":"75e anniversaire de la lib\u00e9ration de la Provence : Pour Macron, la \u00ab libert\u00e9 est venue de la M\u00e9diterran\u00e9e \u00bb"},"content":{"rendered":"<h4 class=\"title-14\"\/>\n<p>La France a rendu hommage ce jeudi \u00a0aux combattants africains tomb\u00e9s au champ d\u2019honneur en lib\u00e9rant la r\u00e9gion de Provence au sud de la France le 15 aout 1944.<\/p>\n<p>Pr\u00e8s de 250.000 soldats africains, dont la majorit\u00e9 \u00e9tait alg\u00e9riens, ont fait face au d\u00e9luge de feu de l\u2019arm\u00e9e d\u2019Hitler.<br \/>Ils ont r\u00e9ussi \u00e0 d\u00e9barquer en Provence, mettant d\u00e9finitivement sur orbite la lib\u00e9ration de la France du joug nazi quelques mois apr\u00e8s cette \u00e9pop\u00e9e militaire mal connue des fran\u00e7ais eux-m\u00eames.<br \/>Pour Emmanuel Macron, cette \u00ab victoire est venue de la M\u00e9diterran\u00e9e \u00bb. Comprendre gr\u00e2ce aux sacrifices de milliers d\u2019Africains enr\u00f4l\u00e9s de gr\u00e9 ou de force au sein de l\u2019arm\u00e9e fran\u00e7aise pour combattre les Nazis.<br \/>Le pr\u00e9sident fran\u00e7ais a appel\u00e9 les maires de France \u00e0 \u00ab perp\u00e9tuer et honorer la m\u00e9moire des combattants morts en donnant les noms de ces derniers aux monuments, rues et autres placettes dans leurs communes respectives \u00bb.<\/p>\n<p><strong>Le d\u00e9barquement de Provence, un acte m\u00e9connu en France<\/strong><\/p>\n<p>\u00abApr\u00e8s la d\u00e9b\u00e2cle et l\u2019humiliation, la France a retrouv\u00e9 ses couleurs. Le d\u00e9barquement du 15 aout est le 2\u00e8me acte de notre lib\u00e9ration \u00bb, a estim\u00e9 le pr\u00e9sident fran\u00e7ais qui a particip\u00e9 aux comm\u00e9morations aux cot\u00e9s du ghan\u00e9en Alpha Condy et de l\u2019ivoirien Alassane Ouatara.<br \/>Plusieurs milliers d\u2019Alg\u00e9riens ont particip\u00e9 \u00e0 cet \u00e9pisode de la deuxi\u00e8me guerre mondiale. Ils \u00e9taient enr\u00f4l\u00e9s au sein des forces terrestres ayant lanc\u00e9 l\u2019op\u00e9ration de lib\u00e9ration de la Provence, prot\u00e9g\u00e9s par des avions am\u00e9ricains et canadiens.<br \/>Cependant, malgr\u00e9, l\u2019intensit\u00e9 des combats, la victoire a \u00e9t\u00e9 au bout des sacrifices. C\u2019est ainsi que la ville de Toulon fut lib\u00e9r\u00e9e le 23 aout 1944, soit 12 jours avant les pr\u00e9visions et Marseille le 29 aout, c\u2019est-\u00e0-dire 25 jours avant le calendrier.<br \/>\u00ab Fran\u00e7ais d\u2019Afrique du nord, pieds noirs, zouaves, goumiers, tirailleurs s\u00e9n\u00e9galais et autres se sont unis contre l\u2019ennemi nazi au service de la libert\u00e9 et le drapeau (fran\u00e7ais ndlr). Ils ont pay\u00e9 un lourd tribut \u00e0 la victoire, a ajout\u00e9 le pr\u00e9sident fran\u00e7ais qui a exhort\u00e9 les jeunes g\u00e9n\u00e9rations \u00e0 \u00ab revendiquer cette histoire et la porter car sans le sacrifice de ces r\u00e9sistants nous ne serions pas libres aujourd\u2019hui \u00bb, selon lui.<br \/>Alors que cet \u00e9pisode historique fran\u00e7ais reste m\u00e9connu en France et plus au moins absent des manuels d\u2019histoire, le pr\u00e9sident fran\u00e7ais souhaite que le \u00ab d\u00e9barquement de Provence trouve sa place dans le pays \u00bb.<\/p>\n<p><strong>Les enfants des combattants africains souffrent de la discrimination<\/strong><\/p>\n<p>Cependant, force est de constater qu\u2019en d\u00e9pit des efforts d\u00e9ploy\u00e9s, nombre de soldats morts pour la France restent m\u00e9connus du grand public et que leurs enfants, notamment n\u00e9s en France, ne sont toujours pas consid\u00e9r\u00e9s comme des enfants de la r\u00e9publique fran\u00e7aise.<br \/>En t\u00e9moignent les d\u00e9clarations racistes des \u00e9lus de l\u2019extr\u00eame droite \u00e0 l\u2019encontre des enfants des immigr\u00e9s ou les interdictions qui leur sont parfois impos\u00e9es comme la d\u00e9fense de brandir un drapeau alg\u00e9rien ou tout simplement d\u2019exprimer leur identit\u00e9 et leur \u00a0joie d\u2019appartenir \u00e0 une double culture.<br \/>C\u2019est le cas notamment \u00e0 Nice et \u00e0 B\u00e9ziers ou les responsables locaux agitent l\u2019immigration comme un fl\u00e9au qui guette la France, en \u00e9voquant la fameuse 5\u00e8me colonne ou la th\u00e9orie du grand remplacement.<br \/>Certes, la belle r\u00e9gion de Provence s\u2019est lib\u00e9r\u00e9e du joug nazi depuis 75 ans gr\u00e2ce \u00e0 l\u2019apport des combattants africains, il n\u2019en demeure pas moins que leurs enfants continuent de souffrir de d\u00e9classement et de discrimination.<\/p>\n<p><span class=\"post-views-label\">Post Views:<\/span> <span class=\"post-views-count\">166<\/span><\/p>\n<p><br class=\"c5\"\/><\/p>\n<p>Auteur: Farouk Djouadi<br \/>\n<a href=\"https:\/\/www.elwatan.com\/edition\/international\/75e-anniversaire-de-la-liberation-de-la-provence-pour-macron-la-liberte-est-venue-de-la-mediterranee-15-08-2019\">Cliquez ici pour lire l&rsquo;article depuis sa source.<\/a><\/p>\n","protected":false},"excerpt":{"rendered":"<p>La France a rendu hommage ce jeudi \u00a0aux combattants africains tomb\u00e9s au champ d\u2019honneur en lib\u00e9rant la r\u00e9gion de Provence au sud de la France le 15 aout 1944. Pr\u00e8s de 250.000 soldats africains, dont la majorit\u00e9 \u00e9tait alg\u00e9riens, ont fait face au d\u00e9luge de feu de l\u2019arm\u00e9e d\u2019Hitler.Ils ont r\u00e9ussi \u00e0 d\u00e9barquer en Provence, [&hellip;]<\/p>\n","protected":false},"author":1743,"featured_media":0,"comment_status":"closed","ping_status":"closed","sticky":false,"template":"","format":"standard","meta":{"fifu_image_url":"","fifu_image_alt":"","footnotes":""},"categories":[73,53],"tags":[],"class_list":["post-51805","post","type-post","status-publish","format-standard","hentry","category-actualite","category-algerie"],"_links":{"self":[{"href":"https:\/\/linitiative.ca\/International\/wp-json\/wp\/v2\/posts\/51805","targetHints":{"allow":["GET"]}}],"collection":[{"href":"https:\/\/linitiative.ca\/International\/wp-json\/wp\/v2\/posts"}],"about":[{"href":"https:\/\/linitiative.ca\/International\/wp-json\/wp\/v2\/types\/post"}],"author":[{"embeddable":true,"href":"https:\/\/linitiative.ca\/International\/wp-json\/wp\/v2\/users\/1743"}],"replies":[{"embeddable":true,"href":"https:\/\/linitiative.ca\/International\/wp-json\/wp\/v2\/comments?post=51805"}],"version-history":[{"count":0,"href":"https:\/\/linitiative.ca\/International\/wp-json\/wp\/v2\/posts\/51805\/revisions"}],"wp:attachment":[{"href":"https:\/\/linitiative.ca\/International\/wp-json\/wp\/v2\/media?parent=51805"}],"wp:term":[{"taxonomy":"category","embeddable":true,"href":"https:\/\/linitiative.ca\/International\/wp-json\/wp\/v2\/categories?post=51805"},{"taxonomy":"post_tag","embeddable":true,"href":"https:\/\/linitiative.ca\/International\/wp-json\/wp\/v2\/tags?post=51805"}],"curies":[{"name":"wp","href":"https:\/\/api.w.org\/{rel}","templated":true}]}}