{"id":51808,"date":"2019-08-15T07:31:00","date_gmt":"2019-08-15T11:31:00","guid":{"rendered":"https:\/\/linitiative.ca\/International\/annulation-de-la-greve-des-medecins-dentistes-et-pharmaciens-de-la-sante-publique-une-heure-apres-son-demarrage\/"},"modified":"2019-08-15T07:31:00","modified_gmt":"2019-08-15T11:31:00","slug":"annulation-de-la-greve-des-medecins-dentistes-et-pharmaciens-de-la-sante-publique-une-heure-apres-son-demarrage","status":"publish","type":"post","link":"https:\/\/linitiative.ca\/International\/annulation-de-la-greve-des-medecins-dentistes-et-pharmaciens-de-la-sante-publique-une-heure-apres-son-demarrage\/","title":{"rendered":"Annulation de la gr\u00e8ve des m\u00e9decins, dentistes et pharmaciens de la sant\u00e9 publique, une heure apr\u00e8s son d\u00e9marrage"},"content":{"rendered":"<p>Une heure apr\u00e8s son d\u00e9marrage, la gr\u00e8ve des m\u00e9decins, des chirurgiens dentistes et des pharmaciens de la sant\u00e9 publique a \u00e9t\u00e9 suspendue \u00e0 l\u2019appel des syndicats apr\u00e8s qu\u2019un accord eut \u00e9t\u00e9 conclu \u00e0 propos de tous les points objet de litige entre les deux parties.<\/p>\n<p>Auteur:<br \/>\n<a href=\"https:\/\/www.leaders.com.tn\/article\/27748-annulation-de-la-greve-des-medecins-dentistes-et-pharmaciens-de-la-sante-publique-une-heure-apres-son-demarrage\">Cliquez ici pour lire l&rsquo;article depuis sa source.<\/a><\/p>\n","protected":false},"excerpt":{"rendered":"<p>Une heure apr\u00e8s son d\u00e9marrage, la gr\u00e8ve des m\u00e9decins, des chirurgiens dentistes et des pharmaciens de la sant\u00e9 publique a \u00e9t\u00e9 suspendue \u00e0 l\u2019appel des syndicats apr\u00e8s qu\u2019un accord eut \u00e9t\u00e9 conclu \u00e0 propos de tous les points objet de litige entre les deux parties. Auteur: Cliquez ici pour lire l&rsquo;article depuis sa source.<\/p>\n","protected":false},"author":1772,"featured_media":0,"comment_status":"closed","ping_status":"closed","sticky":false,"template":"","format":"standard","meta":{"fifu_image_url":"","fifu_image_alt":"","footnotes":""},"categories":[73,55],"tags":[],"class_list":["post-51808","post","type-post","status-publish","format-standard","hentry","category-actualite","category-tunisie"],"_links":{"self":[{"href":"https:\/\/linitiative.ca\/International\/wp-json\/wp\/v2\/posts\/51808","targetHints":{"allow":["GET"]}}],"collection":[{"href":"https:\/\/linitiative.ca\/International\/wp-json\/wp\/v2\/posts"}],"about":[{"href":"https:\/\/linitiative.ca\/International\/wp-json\/wp\/v2\/types\/post"}],"author":[{"embeddable":true,"href":"https:\/\/linitiative.ca\/International\/wp-json\/wp\/v2\/users\/1772"}],"replies":[{"embeddable":true,"href":"https:\/\/linitiative.ca\/International\/wp-json\/wp\/v2\/comments?post=51808"}],"version-history":[{"count":0,"href":"https:\/\/linitiative.ca\/International\/wp-json\/wp\/v2\/posts\/51808\/revisions"}],"wp:attachment":[{"href":"https:\/\/linitiative.ca\/International\/wp-json\/wp\/v2\/media?parent=51808"}],"wp:term":[{"taxonomy":"category","embeddable":true,"href":"https:\/\/linitiative.ca\/International\/wp-json\/wp\/v2\/categories?post=51808"},{"taxonomy":"post_tag","embeddable":true,"href":"https:\/\/linitiative.ca\/International\/wp-json\/wp\/v2\/tags?post=51808"}],"curies":[{"name":"wp","href":"https:\/\/api.w.org\/{rel}","templated":true}]}}